{"id":60882,"date":"2023-03-29T18:40:19","date_gmt":"2023-03-29T18:40:19","guid":{"rendered":"https:\/\/www.caq.edu.ec\/informationsnachmittage-im-kindergarten\/"},"modified":"2024-08-30T09:08:52","modified_gmt":"2024-08-30T14:08:52","slug":"informationsnachmittage-im-kindergarten","status":"publish","type":"post","link":"https:\/\/www.caq.edu.ec\/de\/informationsnachmittage-im-kindergarten\/","title":{"rendered":"Informationsnachmittage im Kindergarten"},"content":{"rendered":"<p>Der Kindergarten der Deutschen Schule hat das Angebot an Informationsnachmittage erweitert. Eingeladen sind Eltern, die an unserer Schule Interesse haben. Obwohl das Aufnahmeverfahren f\u00fcr das Schuljahr 2023-24 nun abgeschlossen ist, hei\u00dfen wir interessierte Eltern f\u00fcr zuk\u00fcnftige Verfahren herzlich willkommen.<\/p>\n<p>Die verf\u00fcgbaren Termine sind:<br \/>\nDienstag, 18. April 2023, 14.00 Uhr<br \/>\nDonnerstag, 11. Mai 2023, 14.00 Uhr<br \/>\nDienstag, 13. Juni 2023, 14.00 Uhr<\/p>\n<p><strong>Bitte vereinbaren Sie Ihren Termin mit Elena Hart, Kindergarten-Sekret\u00e4rin, <a href=\"mailto:secretaria.kinder@caq.edu.ec\">secretaria.kinder@caq.edu.ec<\/a>, Tel: 3560123 Ext. 117.<\/strong><\/p>\n","protected":false},"excerpt":{"rendered":"<p>Der Kindergarten der Deutschen Schule hat das Angebot an Informationsnachmittage erweitert. Eingeladen sind Eltern, die an unserer Schule Interesse haben. Obwohl das Aufnahmeverfahren f\u00fcr das Schuljahr 2023-24 nun abgeschlossen ist, hei\u00dfen wir interessierte Eltern f\u00fcr zuk\u00fcnftige Verfahren herzlich willkommen. Die verf\u00fcgbaren Termine sind: Dienstag, 18. April 2023, 14.00 Uhr Donnerstag, 11. Mai 2023, 14.00 Uhr [&hellip;]<\/p>\n","protected":false},"author":6,"featured_media":0,"comment_status":"closed","ping_status":"closed","sticky":false,"template":"","format":"standard","meta":{"footnotes":""},"categories":[36],"tags":[],"class_list":["post-60882","post","type-post","status-publish","format-standard","hentry","category-nachrichten"],"yoast_head":"<!-- This site is optimized with the Yoast SEO plugin v27.4 - https:\/\/yoast.com\/product\/yoast-seo-wordpress\/ -->\n<title>Informationsnachmittage im Kindergarten - Colegio Alem\u00e1n Quito<\/title>\n<meta name=\"robots\" content=\"index, follow, max-snippet:-1, max-image-preview:large, max-video-preview:-1\" \/>\n<link rel=\"canonical\" href=\"https:\/\/www.caq.edu.ec\/de\/informationsnachmittage-im-kindergarten\/\" \/>\n<meta property=\"og:locale\" content=\"de_DE\" \/>\n<meta property=\"og:type\" content=\"article\" \/>\n<meta property=\"og:title\" content=\"Informationsnachmittage im Kindergarten - Colegio Alem\u00e1n Quito\" \/>\n<meta property=\"og:description\" content=\"Der Kindergarten der Deutschen Schule hat das Angebot an Informationsnachmittage erweitert. Eingeladen sind Eltern, die an unserer Schule Interesse haben. Obwohl das Aufnahmeverfahren f\u00fcr das Schuljahr 2023-24 nun abgeschlossen ist, hei\u00dfen wir interessierte Eltern f\u00fcr zuk\u00fcnftige Verfahren herzlich willkommen. Die verf\u00fcgbaren Termine sind: Dienstag, 18. April 2023, 14.00 Uhr Donnerstag, 11. Mai 2023, 14.00 Uhr [&hellip;]\" \/>\n<meta property=\"og:url\" content=\"https:\/\/www.caq.edu.ec\/de\/informationsnachmittage-im-kindergarten\/\" \/>\n<meta property=\"og:site_name\" content=\"Colegio Alem\u00e1n Quito\" \/>\n<meta property=\"article:published_time\" content=\"2023-03-29T18:40:19+00:00\" \/>\n<meta property=\"article:modified_time\" content=\"2024-08-30T14:08:52+00:00\" \/>\n<meta name=\"author\" content=\"c@qmi19\" \/>\n<meta name=\"twitter:card\" content=\"summary_large_image\" \/>\n<meta name=\"twitter:label1\" content=\"Verfasst von\" \/>\n\t<meta name=\"twitter:data1\" content=\"c@qmi19\" \/>\n<script type=\"application\/ld+json\" class=\"yoast-schema-graph\">{\"@context\":\"https:\\\/\\\/schema.org\",\"@graph\":[{\"@type\":\"Article\",\"@id\":\"https:\\\/\\\/www.caq.edu.ec\\\/de\\\/informationsnachmittage-im-kindergarten\\\/#article\",\"isPartOf\":{\"@id\":\"https:\\\/\\\/www.caq.edu.ec\\\/de\\\/informationsnachmittage-im-kindergarten\\\/\"},\"author\":{\"name\":\"c@qmi19\",\"@id\":\"https:\\\/\\\/www.caq.edu.ec\\\/#\\\/schema\\\/person\\\/b5cf8ed3732fd280f58ddb05e68713c5\"},\"headline\":\"Informationsnachmittage im Kindergarten\",\"datePublished\":\"2023-03-29T18:40:19+00:00\",\"dateModified\":\"2024-08-30T14:08:52+00:00\",\"mainEntityOfPage\":{\"@id\":\"https:\\\/\\\/www.caq.edu.ec\\\/de\\\/informationsnachmittage-im-kindergarten\\\/\"},\"wordCount\":77,\"articleSection\":[\"Nachrichten\"],\"inLanguage\":\"de\"},{\"@type\":\"WebPage\",\"@id\":\"https:\\\/\\\/www.caq.edu.ec\\\/de\\\/informationsnachmittage-im-kindergarten\\\/\",\"url\":\"https:\\\/\\\/www.caq.edu.ec\\\/de\\\/informationsnachmittage-im-kindergarten\\\/\",\"name\":\"Informationsnachmittage im Kindergarten - Colegio Alem\u00e1n Quito\",\"isPartOf\":{\"@id\":\"https:\\\/\\\/www.caq.edu.ec\\\/#website\"},\"datePublished\":\"2023-03-29T18:40:19+00:00\",\"dateModified\":\"2024-08-30T14:08:52+00:00\",\"author\":{\"@id\":\"https:\\\/\\\/www.caq.edu.ec\\\/#\\\/schema\\\/person\\\/b5cf8ed3732fd280f58ddb05e68713c5\"},\"breadcrumb\":{\"@id\":\"https:\\\/\\\/www.caq.edu.ec\\\/de\\\/informationsnachmittage-im-kindergarten\\\/#breadcrumb\"},\"inLanguage\":\"de\",\"potentialAction\":[{\"@type\":\"ReadAction\",\"target\":[\"https:\\\/\\\/www.caq.edu.ec\\\/de\\\/informationsnachmittage-im-kindergarten\\\/\"]}]},{\"@type\":\"BreadcrumbList\",\"@id\":\"https:\\\/\\\/www.caq.edu.ec\\\/de\\\/informationsnachmittage-im-kindergarten\\\/#breadcrumb\",\"itemListElement\":[{\"@type\":\"ListItem\",\"position\":1,\"name\":\"Inicio\",\"item\":\"https:\\\/\\\/www.caq.edu.ec\\\/\"},{\"@type\":\"ListItem\",\"position\":2,\"name\":\"Nachrichten\",\"item\":\"https:\\\/\\\/www.caq.edu.ec\\\/de\\\/category\\\/nachrichten\\\/\"},{\"@type\":\"ListItem\",\"position\":3,\"name\":\"Informationsnachmittage im Kindergarten\"}]},{\"@type\":\"WebSite\",\"@id\":\"https:\\\/\\\/www.caq.edu.ec\\\/#website\",\"url\":\"https:\\\/\\\/www.caq.edu.ec\\\/\",\"name\":\"Colegio Alem\u00e1n Quito\",\"description\":\"Una puerta al mundo\",\"potentialAction\":[{\"@type\":\"SearchAction\",\"target\":{\"@type\":\"EntryPoint\",\"urlTemplate\":\"https:\\\/\\\/www.caq.edu.ec\\\/?s={search_term_string}\"},\"query-input\":{\"@type\":\"PropertyValueSpecification\",\"valueRequired\":true,\"valueName\":\"search_term_string\"}}],\"inLanguage\":\"de\"},{\"@type\":\"Person\",\"@id\":\"https:\\\/\\\/www.caq.edu.ec\\\/#\\\/schema\\\/person\\\/b5cf8ed3732fd280f58ddb05e68713c5\",\"name\":\"c@qmi19\",\"image\":{\"@type\":\"ImageObject\",\"inLanguage\":\"de\",\"@id\":\"https:\\\/\\\/secure.gravatar.com\\\/avatar\\\/6e6ce3a6a7a823e369373d95fd82a74034a6c18fe625ff3b7aecb034961c6f96?s=96&d=mm&r=g\",\"url\":\"https:\\\/\\\/secure.gravatar.com\\\/avatar\\\/6e6ce3a6a7a823e369373d95fd82a74034a6c18fe625ff3b7aecb034961c6f96?s=96&d=mm&r=g\",\"contentUrl\":\"https:\\\/\\\/secure.gravatar.com\\\/avatar\\\/6e6ce3a6a7a823e369373d95fd82a74034a6c18fe625ff3b7aecb034961c6f96?s=96&d=mm&r=g\",\"caption\":\"c@qmi19\"},\"url\":\"https:\\\/\\\/www.caq.edu.ec\\\/de\\\/author\\\/cqmi19\\\/\"}]}<\/script>\n<!-- \/ Yoast SEO plugin. -->","yoast_head_json":{"title":"Informationsnachmittage im Kindergarten - Colegio Alem\u00e1n Quito","robots":{"index":"index","follow":"follow","max-snippet":"max-snippet:-1","max-image-preview":"max-image-preview:large","max-video-preview":"max-video-preview:-1"},"canonical":"https:\/\/www.caq.edu.ec\/de\/informationsnachmittage-im-kindergarten\/","og_locale":"de_DE","og_type":"article","og_title":"Informationsnachmittage im Kindergarten - Colegio Alem\u00e1n Quito","og_description":"Der Kindergarten der Deutschen Schule hat das Angebot an Informationsnachmittage erweitert. Eingeladen sind Eltern, die an unserer Schule Interesse haben. Obwohl das Aufnahmeverfahren f\u00fcr das Schuljahr 2023-24 nun abgeschlossen ist, hei\u00dfen wir interessierte Eltern f\u00fcr zuk\u00fcnftige Verfahren herzlich willkommen. Die verf\u00fcgbaren Termine sind: Dienstag, 18. April 2023, 14.00 Uhr Donnerstag, 11. Mai 2023, 14.00 Uhr [&hellip;]","og_url":"https:\/\/www.caq.edu.ec\/de\/informationsnachmittage-im-kindergarten\/","og_site_name":"Colegio Alem\u00e1n Quito","article_published_time":"2023-03-29T18:40:19+00:00","article_modified_time":"2024-08-30T14:08:52+00:00","author":"c@qmi19","twitter_card":"summary_large_image","twitter_misc":{"Verfasst von":"c@qmi19"},"schema":{"@context":"https:\/\/schema.org","@graph":[{"@type":"Article","@id":"https:\/\/www.caq.edu.ec\/de\/informationsnachmittage-im-kindergarten\/#article","isPartOf":{"@id":"https:\/\/www.caq.edu.ec\/de\/informationsnachmittage-im-kindergarten\/"},"author":{"name":"c@qmi19","@id":"https:\/\/www.caq.edu.ec\/#\/schema\/person\/b5cf8ed3732fd280f58ddb05e68713c5"},"headline":"Informationsnachmittage im Kindergarten","datePublished":"2023-03-29T18:40:19+00:00","dateModified":"2024-08-30T14:08:52+00:00","mainEntityOfPage":{"@id":"https:\/\/www.caq.edu.ec\/de\/informationsnachmittage-im-kindergarten\/"},"wordCount":77,"articleSection":["Nachrichten"],"inLanguage":"de"},{"@type":"WebPage","@id":"https:\/\/www.caq.edu.ec\/de\/informationsnachmittage-im-kindergarten\/","url":"https:\/\/www.caq.edu.ec\/de\/informationsnachmittage-im-kindergarten\/","name":"Informationsnachmittage im Kindergarten - Colegio Alem\u00e1n Quito","isPartOf":{"@id":"https:\/\/www.caq.edu.ec\/#website"},"datePublished":"2023-03-29T18:40:19+00:00","dateModified":"2024-08-30T14:08:52+00:00","author":{"@id":"https:\/\/www.caq.edu.ec\/#\/schema\/person\/b5cf8ed3732fd280f58ddb05e68713c5"},"breadcrumb":{"@id":"https:\/\/www.caq.edu.ec\/de\/informationsnachmittage-im-kindergarten\/#breadcrumb"},"inLanguage":"de","potentialAction":[{"@type":"ReadAction","target":["https:\/\/www.caq.edu.ec\/de\/informationsnachmittage-im-kindergarten\/"]}]},{"@type":"BreadcrumbList","@id":"https:\/\/www.caq.edu.ec\/de\/informationsnachmittage-im-kindergarten\/#breadcrumb","itemListElement":[{"@type":"ListItem","position":1,"name":"Inicio","item":"https:\/\/www.caq.edu.ec\/"},{"@type":"ListItem","position":2,"name":"Nachrichten","item":"https:\/\/www.caq.edu.ec\/de\/category\/nachrichten\/"},{"@type":"ListItem","position":3,"name":"Informationsnachmittage im Kindergarten"}]},{"@type":"WebSite","@id":"https:\/\/www.caq.edu.ec\/#website","url":"https:\/\/www.caq.edu.ec\/","name":"Colegio Alem\u00e1n Quito","description":"Una puerta al mundo","potentialAction":[{"@type":"SearchAction","target":{"@type":"EntryPoint","urlTemplate":"https:\/\/www.caq.edu.ec\/?s={search_term_string}"},"query-input":{"@type":"PropertyValueSpecification","valueRequired":true,"valueName":"search_term_string"}}],"inLanguage":"de"},{"@type":"Person","@id":"https:\/\/www.caq.edu.ec\/#\/schema\/person\/b5cf8ed3732fd280f58ddb05e68713c5","name":"c@qmi19","image":{"@type":"ImageObject","inLanguage":"de","@id":"https:\/\/secure.gravatar.com\/avatar\/6e6ce3a6a7a823e369373d95fd82a74034a6c18fe625ff3b7aecb034961c6f96?s=96&d=mm&r=g","url":"https:\/\/secure.gravatar.com\/avatar\/6e6ce3a6a7a823e369373d95fd82a74034a6c18fe625ff3b7aecb034961c6f96?s=96&d=mm&r=g","contentUrl":"https:\/\/secure.gravatar.com\/avatar\/6e6ce3a6a7a823e369373d95fd82a74034a6c18fe625ff3b7aecb034961c6f96?s=96&d=mm&r=g","caption":"c@qmi19"},"url":"https:\/\/www.caq.edu.ec\/de\/author\/cqmi19\/"}]}},"_links":{"self":[{"href":"https:\/\/www.caq.edu.ec\/de\/wp-json\/wp\/v2\/posts\/60882","targetHints":{"allow":["GET"]}}],"collection":[{"href":"https:\/\/www.caq.edu.ec\/de\/wp-json\/wp\/v2\/posts"}],"about":[{"href":"https:\/\/www.caq.edu.ec\/de\/wp-json\/wp\/v2\/types\/post"}],"author":[{"embeddable":true,"href":"https:\/\/www.caq.edu.ec\/de\/wp-json\/wp\/v2\/users\/6"}],"replies":[{"embeddable":true,"href":"https:\/\/www.caq.edu.ec\/de\/wp-json\/wp\/v2\/comments?post=60882"}],"version-history":[{"count":1,"href":"https:\/\/www.caq.edu.ec\/de\/wp-json\/wp\/v2\/posts\/60882\/revisions"}],"predecessor-version":[{"id":64238,"href":"https:\/\/www.caq.edu.ec\/de\/wp-json\/wp\/v2\/posts\/60882\/revisions\/64238"}],"wp:attachment":[{"href":"https:\/\/www.caq.edu.ec\/de\/wp-json\/wp\/v2\/media?parent=60882"}],"wp:term":[{"taxonomy":"category","embeddable":true,"href":"https:\/\/www.caq.edu.ec\/de\/wp-json\/wp\/v2\/categories?post=60882"},{"taxonomy":"post_tag","embeddable":true,"href":"https:\/\/www.caq.edu.ec\/de\/wp-json\/wp\/v2\/tags?post=60882"}],"curies":[{"name":"wp","href":"https:\/\/api.w.org\/{rel}","templated":true}]}}