{"id":60878,"date":"2023-02-23T19:43:22","date_gmt":"2023-02-24T00:43:22","guid":{"rendered":"https:\/\/www.caq.edu.ec\/uno-projekt\/"},"modified":"2024-08-30T09:08:53","modified_gmt":"2024-08-30T14:08:53","slug":"uno-projekt","status":"publish","type":"post","link":"https:\/\/www.caq.edu.ec\/de\/uno-projekt\/","title":{"rendered":"UNO-Projekt"},"content":{"rendered":"<p>Mit der Neuauflage des UNO-Projekts ist ein weiterer Schritt in die Normalit\u00e4t nach der Pandemie gelungen.<\/p>\n<p>Unter der Leitung von Frau Rau-Dreher und einer Expertengruppe aus den h\u00f6heren Klassen diskutierte die neunte Jahrgangsstufe intensiv \u00fcber das Thema: \u201eWie beeinflusst der Klimawandel die \u00e4rmsten Bev\u00f6lkerungsschichten?\u201c Besonders erfreulich war, dass die Sch\u00fclerinnen und Sch\u00fcler in der Lage waren, sich sehr engagiert mit dieser schwierigen Fragestellung auseinanderzusetzen.<\/p>\n<p>Vielen Dank f\u00fcr diese gelungene Simulation einer UNO- Vollversammlung!<\/p>\n\n","protected":false},"excerpt":{"rendered":"<p>Mit der Neuauflage des UNO-Projekts ist ein weiterer Schritt in die Normalit\u00e4t nach der Pandemie gelungen. Unter der Leitung von Frau Rau-Dreher und einer Expertengruppe aus den h\u00f6heren Klassen diskutierte die neunte Jahrgangsstufe intensiv \u00fcber das Thema: \u201eWie beeinflusst der Klimawandel die \u00e4rmsten Bev\u00f6lkerungsschichten?\u201c Besonders erfreulich war, dass die Sch\u00fclerinnen und Sch\u00fcler in der Lage [&hellip;]<\/p>\n","protected":false},"author":6,"featured_media":61265,"comment_status":"closed","ping_status":"closed","sticky":false,"template":"","format":"standard","meta":{"footnotes":""},"categories":[36],"tags":[],"class_list":["post-60878","post","type-post","status-publish","format-standard","has-post-thumbnail","hentry","category-nachrichten"],"yoast_head":"<!-- This site is optimized with the Yoast SEO plugin v27.4 - https:\/\/yoast.com\/product\/yoast-seo-wordpress\/ -->\n<title>UNO-Projekt - Colegio Alem\u00e1n Quito<\/title>\n<meta name=\"robots\" content=\"index, follow, max-snippet:-1, max-image-preview:large, max-video-preview:-1\" \/>\n<link rel=\"canonical\" href=\"https:\/\/www.caq.edu.ec\/de\/uno-projekt\/\" \/>\n<meta property=\"og:locale\" content=\"de_DE\" \/>\n<meta property=\"og:type\" content=\"article\" \/>\n<meta property=\"og:title\" content=\"UNO-Projekt - Colegio Alem\u00e1n Quito\" \/>\n<meta property=\"og:description\" content=\"Mit der Neuauflage des UNO-Projekts ist ein weiterer Schritt in die Normalit\u00e4t nach der Pandemie gelungen. Unter der Leitung von Frau Rau-Dreher und einer Expertengruppe aus den h\u00f6heren Klassen diskutierte die neunte Jahrgangsstufe intensiv \u00fcber das Thema: \u201eWie beeinflusst der Klimawandel die \u00e4rmsten Bev\u00f6lkerungsschichten?\u201c Besonders erfreulich war, dass die Sch\u00fclerinnen und Sch\u00fcler in der Lage [&hellip;]\" \/>\n<meta property=\"og:url\" content=\"https:\/\/www.caq.edu.ec\/de\/uno-projekt\/\" \/>\n<meta property=\"og:site_name\" content=\"Colegio Alem\u00e1n Quito\" \/>\n<meta property=\"article:published_time\" content=\"2023-02-24T00:43:22+00:00\" \/>\n<meta property=\"article:modified_time\" content=\"2024-08-30T14:08:53+00:00\" \/>\n<meta property=\"og:image\" content=\"https:\/\/www.caq.edu.ec\/wp-content\/uploads\/2023\/05\/DSC01830.jpg\" \/>\n\t<meta property=\"og:image:width\" content=\"1006\" \/>\n\t<meta property=\"og:image:height\" content=\"566\" \/>\n\t<meta property=\"og:image:type\" content=\"image\/jpeg\" \/>\n<meta name=\"author\" content=\"c@qmi19\" \/>\n<meta name=\"twitter:card\" content=\"summary_large_image\" \/>\n<meta name=\"twitter:label1\" content=\"Verfasst von\" \/>\n\t<meta name=\"twitter:data1\" content=\"c@qmi19\" \/>\n\t<meta name=\"twitter:label2\" content=\"Gesch\u00e4tzte Lesezeit\" \/>\n\t<meta name=\"twitter:data2\" content=\"1\u00a0Minute\" \/>\n<script type=\"application\/ld+json\" class=\"yoast-schema-graph\">{\"@context\":\"https:\\\/\\\/schema.org\",\"@graph\":[{\"@type\":\"Article\",\"@id\":\"https:\\\/\\\/www.caq.edu.ec\\\/de\\\/uno-projekt\\\/#article\",\"isPartOf\":{\"@id\":\"https:\\\/\\\/www.caq.edu.ec\\\/de\\\/uno-projekt\\\/\"},\"author\":{\"name\":\"c@qmi19\",\"@id\":\"https:\\\/\\\/www.caq.edu.ec\\\/#\\\/schema\\\/person\\\/b5cf8ed3732fd280f58ddb05e68713c5\"},\"headline\":\"UNO-Projekt\",\"datePublished\":\"2023-02-24T00:43:22+00:00\",\"dateModified\":\"2024-08-30T14:08:53+00:00\",\"mainEntityOfPage\":{\"@id\":\"https:\\\/\\\/www.caq.edu.ec\\\/de\\\/uno-projekt\\\/\"},\"wordCount\":253,\"image\":{\"@id\":\"https:\\\/\\\/www.caq.edu.ec\\\/de\\\/uno-projekt\\\/#primaryimage\"},\"thumbnailUrl\":\"https:\\\/\\\/www.caq.edu.ec\\\/wp-content\\\/uploads\\\/2023\\\/05\\\/DSC01830.jpg\",\"articleSection\":[\"Nachrichten\"],\"inLanguage\":\"de\"},{\"@type\":\"WebPage\",\"@id\":\"https:\\\/\\\/www.caq.edu.ec\\\/de\\\/uno-projekt\\\/\",\"url\":\"https:\\\/\\\/www.caq.edu.ec\\\/de\\\/uno-projekt\\\/\",\"name\":\"UNO-Projekt - Colegio Alem\u00e1n Quito\",\"isPartOf\":{\"@id\":\"https:\\\/\\\/www.caq.edu.ec\\\/#website\"},\"primaryImageOfPage\":{\"@id\":\"https:\\\/\\\/www.caq.edu.ec\\\/de\\\/uno-projekt\\\/#primaryimage\"},\"image\":{\"@id\":\"https:\\\/\\\/www.caq.edu.ec\\\/de\\\/uno-projekt\\\/#primaryimage\"},\"thumbnailUrl\":\"https:\\\/\\\/www.caq.edu.ec\\\/wp-content\\\/uploads\\\/2023\\\/05\\\/DSC01830.jpg\",\"datePublished\":\"2023-02-24T00:43:22+00:00\",\"dateModified\":\"2024-08-30T14:08:53+00:00\",\"author\":{\"@id\":\"https:\\\/\\\/www.caq.edu.ec\\\/#\\\/schema\\\/person\\\/b5cf8ed3732fd280f58ddb05e68713c5\"},\"breadcrumb\":{\"@id\":\"https:\\\/\\\/www.caq.edu.ec\\\/de\\\/uno-projekt\\\/#breadcrumb\"},\"inLanguage\":\"de\",\"potentialAction\":[{\"@type\":\"ReadAction\",\"target\":[\"https:\\\/\\\/www.caq.edu.ec\\\/de\\\/uno-projekt\\\/\"]}]},{\"@type\":\"ImageObject\",\"inLanguage\":\"de\",\"@id\":\"https:\\\/\\\/www.caq.edu.ec\\\/de\\\/uno-projekt\\\/#primaryimage\",\"url\":\"https:\\\/\\\/www.caq.edu.ec\\\/wp-content\\\/uploads\\\/2023\\\/05\\\/DSC01830.jpg\",\"contentUrl\":\"https:\\\/\\\/www.caq.edu.ec\\\/wp-content\\\/uploads\\\/2023\\\/05\\\/DSC01830.jpg\",\"width\":1006,\"height\":566},{\"@type\":\"BreadcrumbList\",\"@id\":\"https:\\\/\\\/www.caq.edu.ec\\\/de\\\/uno-projekt\\\/#breadcrumb\",\"itemListElement\":[{\"@type\":\"ListItem\",\"position\":1,\"name\":\"Inicio\",\"item\":\"https:\\\/\\\/www.caq.edu.ec\\\/\"},{\"@type\":\"ListItem\",\"position\":2,\"name\":\"Nachrichten\",\"item\":\"https:\\\/\\\/www.caq.edu.ec\\\/de\\\/category\\\/nachrichten\\\/\"},{\"@type\":\"ListItem\",\"position\":3,\"name\":\"UNO-Projekt\"}]},{\"@type\":\"WebSite\",\"@id\":\"https:\\\/\\\/www.caq.edu.ec\\\/#website\",\"url\":\"https:\\\/\\\/www.caq.edu.ec\\\/\",\"name\":\"Colegio Alem\u00e1n Quito\",\"description\":\"Una puerta al mundo\",\"potentialAction\":[{\"@type\":\"SearchAction\",\"target\":{\"@type\":\"EntryPoint\",\"urlTemplate\":\"https:\\\/\\\/www.caq.edu.ec\\\/?s={search_term_string}\"},\"query-input\":{\"@type\":\"PropertyValueSpecification\",\"valueRequired\":true,\"valueName\":\"search_term_string\"}}],\"inLanguage\":\"de\"},{\"@type\":\"Person\",\"@id\":\"https:\\\/\\\/www.caq.edu.ec\\\/#\\\/schema\\\/person\\\/b5cf8ed3732fd280f58ddb05e68713c5\",\"name\":\"c@qmi19\",\"image\":{\"@type\":\"ImageObject\",\"inLanguage\":\"de\",\"@id\":\"https:\\\/\\\/secure.gravatar.com\\\/avatar\\\/6e6ce3a6a7a823e369373d95fd82a74034a6c18fe625ff3b7aecb034961c6f96?s=96&d=mm&r=g\",\"url\":\"https:\\\/\\\/secure.gravatar.com\\\/avatar\\\/6e6ce3a6a7a823e369373d95fd82a74034a6c18fe625ff3b7aecb034961c6f96?s=96&d=mm&r=g\",\"contentUrl\":\"https:\\\/\\\/secure.gravatar.com\\\/avatar\\\/6e6ce3a6a7a823e369373d95fd82a74034a6c18fe625ff3b7aecb034961c6f96?s=96&d=mm&r=g\",\"caption\":\"c@qmi19\"},\"url\":\"https:\\\/\\\/www.caq.edu.ec\\\/de\\\/author\\\/cqmi19\\\/\"}]}<\/script>\n<!-- \/ Yoast SEO plugin. -->","yoast_head_json":{"title":"UNO-Projekt - Colegio Alem\u00e1n Quito","robots":{"index":"index","follow":"follow","max-snippet":"max-snippet:-1","max-image-preview":"max-image-preview:large","max-video-preview":"max-video-preview:-1"},"canonical":"https:\/\/www.caq.edu.ec\/de\/uno-projekt\/","og_locale":"de_DE","og_type":"article","og_title":"UNO-Projekt - Colegio Alem\u00e1n Quito","og_description":"Mit der Neuauflage des UNO-Projekts ist ein weiterer Schritt in die Normalit\u00e4t nach der Pandemie gelungen. Unter der Leitung von Frau Rau-Dreher und einer Expertengruppe aus den h\u00f6heren Klassen diskutierte die neunte Jahrgangsstufe intensiv \u00fcber das Thema: \u201eWie beeinflusst der Klimawandel die \u00e4rmsten Bev\u00f6lkerungsschichten?\u201c Besonders erfreulich war, dass die Sch\u00fclerinnen und Sch\u00fcler in der Lage [&hellip;]","og_url":"https:\/\/www.caq.edu.ec\/de\/uno-projekt\/","og_site_name":"Colegio Alem\u00e1n Quito","article_published_time":"2023-02-24T00:43:22+00:00","article_modified_time":"2024-08-30T14:08:53+00:00","og_image":[{"width":1006,"height":566,"url":"https:\/\/www.caq.edu.ec\/wp-content\/uploads\/2023\/05\/DSC01830.jpg","type":"image\/jpeg"}],"author":"c@qmi19","twitter_card":"summary_large_image","twitter_misc":{"Verfasst von":"c@qmi19","Gesch\u00e4tzte Lesezeit":"1\u00a0Minute"},"schema":{"@context":"https:\/\/schema.org","@graph":[{"@type":"Article","@id":"https:\/\/www.caq.edu.ec\/de\/uno-projekt\/#article","isPartOf":{"@id":"https:\/\/www.caq.edu.ec\/de\/uno-projekt\/"},"author":{"name":"c@qmi19","@id":"https:\/\/www.caq.edu.ec\/#\/schema\/person\/b5cf8ed3732fd280f58ddb05e68713c5"},"headline":"UNO-Projekt","datePublished":"2023-02-24T00:43:22+00:00","dateModified":"2024-08-30T14:08:53+00:00","mainEntityOfPage":{"@id":"https:\/\/www.caq.edu.ec\/de\/uno-projekt\/"},"wordCount":253,"image":{"@id":"https:\/\/www.caq.edu.ec\/de\/uno-projekt\/#primaryimage"},"thumbnailUrl":"https:\/\/www.caq.edu.ec\/wp-content\/uploads\/2023\/05\/DSC01830.jpg","articleSection":["Nachrichten"],"inLanguage":"de"},{"@type":"WebPage","@id":"https:\/\/www.caq.edu.ec\/de\/uno-projekt\/","url":"https:\/\/www.caq.edu.ec\/de\/uno-projekt\/","name":"UNO-Projekt - Colegio Alem\u00e1n Quito","isPartOf":{"@id":"https:\/\/www.caq.edu.ec\/#website"},"primaryImageOfPage":{"@id":"https:\/\/www.caq.edu.ec\/de\/uno-projekt\/#primaryimage"},"image":{"@id":"https:\/\/www.caq.edu.ec\/de\/uno-projekt\/#primaryimage"},"thumbnailUrl":"https:\/\/www.caq.edu.ec\/wp-content\/uploads\/2023\/05\/DSC01830.jpg","datePublished":"2023-02-24T00:43:22+00:00","dateModified":"2024-08-30T14:08:53+00:00","author":{"@id":"https:\/\/www.caq.edu.ec\/#\/schema\/person\/b5cf8ed3732fd280f58ddb05e68713c5"},"breadcrumb":{"@id":"https:\/\/www.caq.edu.ec\/de\/uno-projekt\/#breadcrumb"},"inLanguage":"de","potentialAction":[{"@type":"ReadAction","target":["https:\/\/www.caq.edu.ec\/de\/uno-projekt\/"]}]},{"@type":"ImageObject","inLanguage":"de","@id":"https:\/\/www.caq.edu.ec\/de\/uno-projekt\/#primaryimage","url":"https:\/\/www.caq.edu.ec\/wp-content\/uploads\/2023\/05\/DSC01830.jpg","contentUrl":"https:\/\/www.caq.edu.ec\/wp-content\/uploads\/2023\/05\/DSC01830.jpg","width":1006,"height":566},{"@type":"BreadcrumbList","@id":"https:\/\/www.caq.edu.ec\/de\/uno-projekt\/#breadcrumb","itemListElement":[{"@type":"ListItem","position":1,"name":"Inicio","item":"https:\/\/www.caq.edu.ec\/"},{"@type":"ListItem","position":2,"name":"Nachrichten","item":"https:\/\/www.caq.edu.ec\/de\/category\/nachrichten\/"},{"@type":"ListItem","position":3,"name":"UNO-Projekt"}]},{"@type":"WebSite","@id":"https:\/\/www.caq.edu.ec\/#website","url":"https:\/\/www.caq.edu.ec\/","name":"Colegio Alem\u00e1n Quito","description":"Una puerta al mundo","potentialAction":[{"@type":"SearchAction","target":{"@type":"EntryPoint","urlTemplate":"https:\/\/www.caq.edu.ec\/?s={search_term_string}"},"query-input":{"@type":"PropertyValueSpecification","valueRequired":true,"valueName":"search_term_string"}}],"inLanguage":"de"},{"@type":"Person","@id":"https:\/\/www.caq.edu.ec\/#\/schema\/person\/b5cf8ed3732fd280f58ddb05e68713c5","name":"c@qmi19","image":{"@type":"ImageObject","inLanguage":"de","@id":"https:\/\/secure.gravatar.com\/avatar\/6e6ce3a6a7a823e369373d95fd82a74034a6c18fe625ff3b7aecb034961c6f96?s=96&d=mm&r=g","url":"https:\/\/secure.gravatar.com\/avatar\/6e6ce3a6a7a823e369373d95fd82a74034a6c18fe625ff3b7aecb034961c6f96?s=96&d=mm&r=g","contentUrl":"https:\/\/secure.gravatar.com\/avatar\/6e6ce3a6a7a823e369373d95fd82a74034a6c18fe625ff3b7aecb034961c6f96?s=96&d=mm&r=g","caption":"c@qmi19"},"url":"https:\/\/www.caq.edu.ec\/de\/author\/cqmi19\/"}]}},"_links":{"self":[{"href":"https:\/\/www.caq.edu.ec\/de\/wp-json\/wp\/v2\/posts\/60878","targetHints":{"allow":["GET"]}}],"collection":[{"href":"https:\/\/www.caq.edu.ec\/de\/wp-json\/wp\/v2\/posts"}],"about":[{"href":"https:\/\/www.caq.edu.ec\/de\/wp-json\/wp\/v2\/types\/post"}],"author":[{"embeddable":true,"href":"https:\/\/www.caq.edu.ec\/de\/wp-json\/wp\/v2\/users\/6"}],"replies":[{"embeddable":true,"href":"https:\/\/www.caq.edu.ec\/de\/wp-json\/wp\/v2\/comments?post=60878"}],"version-history":[{"count":1,"href":"https:\/\/www.caq.edu.ec\/de\/wp-json\/wp\/v2\/posts\/60878\/revisions"}],"predecessor-version":[{"id":64242,"href":"https:\/\/www.caq.edu.ec\/de\/wp-json\/wp\/v2\/posts\/60878\/revisions\/64242"}],"wp:featuredmedia":[{"embeddable":true,"href":"https:\/\/www.caq.edu.ec\/de\/wp-json\/wp\/v2\/media\/61265"}],"wp:attachment":[{"href":"https:\/\/www.caq.edu.ec\/de\/wp-json\/wp\/v2\/media?parent=60878"}],"wp:term":[{"taxonomy":"category","embeddable":true,"href":"https:\/\/www.caq.edu.ec\/de\/wp-json\/wp\/v2\/categories?post=60878"},{"taxonomy":"post_tag","embeddable":true,"href":"https:\/\/www.caq.edu.ec\/de\/wp-json\/wp\/v2\/tags?post=60878"}],"curies":[{"name":"wp","href":"https:\/\/api.w.org\/{rel}","templated":true}]}}