{"id":60866,"date":"2022-10-28T17:55:31","date_gmt":"2022-10-28T17:55:31","guid":{"rendered":"https:\/\/www.caq.edu.ec\/jugend-debattiert-suedamerika-2022-an-der-dsq\/"},"modified":"2024-08-30T09:08:54","modified_gmt":"2024-08-30T14:08:54","slug":"jugend-debattiert-suedamerika-2022-an-der-dsq","status":"publish","type":"post","link":"https:\/\/www.caq.edu.ec\/de\/jugend-debattiert-suedamerika-2022-an-der-dsq\/","title":{"rendered":"Jugend debattiert S\u00fcdamerika 2022 an der DSQ"},"content":{"rendered":"<p><em>Jugend debattiert<\/em> ist in \u00fcber 35 L\u00e4ndern Programm. Seit 2016 gibt es <em>Jugend debattiert<\/em> auch in S\u00fcdamerika, getragen von der Zentralstelle f\u00fcr das Auslandschulwesen und der Hertie-Stiftung. Dieses Jahr fand der Wettbewerb vom 24.-26.10.2022 an der Deutschen Schule Quito, Ecuador statt. Dabei traten 16 Sch\u00fclerInnen aus 8 L\u00e4ndern S\u00fcdamerikas gegeneinander an. Vertreten waren die L\u00e4ndern Argentinien, Bolivien, Brasilien, Chile, Ecuador, Kolumbien, Paraguay und Peru. In den Debatten befassten sich die TeilnehmerInnen unter anderem mit Streitfragen wie \u201eSoll in Deutschland ein Tempolimit von 130 km\/h auf Autobahnen eingef\u00fchrt werden?\u201c oder \u201eSoll an weiterf\u00fchrenden Schulen in S\u00fcdamerika \u201eDemokratie-Erziehung\u201c als Pflichtfach eingef\u00fchrt werden?\u201c<\/p>\n<p>Mit Hilfe von Ansgar Kemmann, dem Mitgr\u00fcnder und Leiter von <em>Jugend debattiert<\/em> bei der Gemeinn\u00fctzigen Hertie-Stiftung, war es den DebattantInnen m\u00f6glich, sich von Tag zu Tag zu steigern. In einem spannenden Halbfinale zur Streitfrage \u201eSollen neue Atomkraftwerke gebaut werden?\u201c stellten sich die Sch\u00fclerInnen Agustina Serrate (Bolivien), Samuel Ojeda (Chile), Jos\u00e9 Neumann (Chile) und Cornelius Schmidt (Paraguay) als die besten DebattantInnen S\u00fcdamerikas heraus. In der Finaldebatte zum Thema \u201eSollen in S\u00fcdamerika Rechte der Natur in jede Staatsverfassung aufgenommen werden?\u201c lieferten sich die vier Finalisten ein Kopf an Kopf Rennen. Doch wie bei jedem Finale konnte es auch hier nur einen Sieger geben und daher d\u00fcrfen wir Agustina Serrate aus Bolivien als Siegerin des diesj\u00e4hrigen S\u00fcdamerikafinales zu <em>Jugend debattiert<\/em> begl\u00fcckw\u00fcnschen.<\/p>\n<p>Neben spannenden und hochwertigen Debatten durften wir unsere G\u00e4ste in die Altstadt von Quito entf\u00fchren, wir waren eingeladen zu einem Gespr\u00e4ch mit der Presse- und Kulturreferentin Frau van Gennip und der Botschaftergattin Frau Schauer in der Botschafterresidenz in Cumbay\u00e1 und lie\u00dfen die Abende gemeinsam ausklingen.<\/p>\n<p>Nach drei interessanten und wertvollen Tagen bedanken wir uns bei allen DebattantInnen und helfenden Sch\u00fclerInnen f\u00fcr ihren Einsatz. Dar\u00fcber hinaus bedanken wir uns bei den unterst\u00fctzenden Lehrkr\u00e4ften und Fachberatungen der teilnehmenden L\u00e4nder. Ein besonderer Dank gilt Herrn Thomas Bex, Fachberater f\u00fcr die L\u00e4nder Bolivien, Ecuador, Kolumbien und Peru, und Herrn Ansgar Kemmann.<\/p>\n<p>Das Format <em>Jugend debattiert<\/em> ist schon lange Bestandteil unseres AG-Bereichs und seit dem Schuljahr 2022\/23 auch integriert in das Schulcurriculum f\u00fcr den Deutschunterricht. Der diesj\u00e4hrige Wettbewerb hat gezeigt, wie wichtig die F\u00e4higkeit zur Debatte ist, da die Sch\u00fclerInnen zum einen ihre Deutschkenntnisse verbessern und vertiefen k\u00f6nnen, aber vor allem wichtige Kompetenzen erwerben, die die Basis einer demokratischen Zivilgesellschaft bilden. Daher freuen wir uns, Teil dieses Formats zu sein und hoffen auch in Zukunft daran teilhaben zu k\u00f6nnen.<\/p>\n<p><em>Carin Butz und Gesche Johannknecht<\/em><\/p>\n<p>&nbsp;<\/p>\n<p>&nbsp;<\/p>\n\n","protected":false},"excerpt":{"rendered":"<p>Jugend debattiert ist in \u00fcber 35 L\u00e4ndern Programm. Seit 2016 gibt es Jugend debattiert auch in S\u00fcdamerika, getragen von der Zentralstelle f\u00fcr das Auslandschulwesen und der Hertie-Stiftung. Dieses Jahr fand der Wettbewerb vom 24.-26.10.2022 an der Deutschen Schule Quito, Ecuador statt. Dabei traten 16 Sch\u00fclerInnen aus 8 L\u00e4ndern S\u00fcdamerikas gegeneinander an. Vertreten waren die L\u00e4ndern [&hellip;]<\/p>\n","protected":false},"author":6,"featured_media":0,"comment_status":"closed","ping_status":"closed","sticky":false,"template":"","format":"standard","meta":{"footnotes":""},"categories":[36],"tags":[],"class_list":["post-60866","post","type-post","status-publish","format-standard","hentry","category-nachrichten"],"yoast_head":"<!-- This site is optimized with the Yoast SEO plugin v27.4 - https:\/\/yoast.com\/product\/yoast-seo-wordpress\/ -->\n<title>Jugend debattiert S\u00fcdamerika 2022 an der DSQ - Colegio Alem\u00e1n Quito<\/title>\n<meta name=\"robots\" content=\"index, follow, max-snippet:-1, max-image-preview:large, max-video-preview:-1\" \/>\n<link rel=\"canonical\" href=\"https:\/\/www.caq.edu.ec\/de\/jugend-debattiert-suedamerika-2022-an-der-dsq\/\" \/>\n<meta property=\"og:locale\" content=\"de_DE\" \/>\n<meta property=\"og:type\" content=\"article\" \/>\n<meta property=\"og:title\" content=\"Jugend debattiert S\u00fcdamerika 2022 an der DSQ - Colegio Alem\u00e1n Quito\" \/>\n<meta property=\"og:description\" content=\"Jugend debattiert ist in \u00fcber 35 L\u00e4ndern Programm. Seit 2016 gibt es Jugend debattiert auch in S\u00fcdamerika, getragen von der Zentralstelle f\u00fcr das Auslandschulwesen und der Hertie-Stiftung. Dieses Jahr fand der Wettbewerb vom 24.-26.10.2022 an der Deutschen Schule Quito, Ecuador statt. Dabei traten 16 Sch\u00fclerInnen aus 8 L\u00e4ndern S\u00fcdamerikas gegeneinander an. Vertreten waren die L\u00e4ndern [&hellip;]\" \/>\n<meta property=\"og:url\" content=\"https:\/\/www.caq.edu.ec\/de\/jugend-debattiert-suedamerika-2022-an-der-dsq\/\" \/>\n<meta property=\"og:site_name\" content=\"Colegio Alem\u00e1n Quito\" \/>\n<meta property=\"article:published_time\" content=\"2022-10-28T17:55:31+00:00\" \/>\n<meta property=\"article:modified_time\" content=\"2024-08-30T14:08:54+00:00\" \/>\n<meta name=\"author\" content=\"c@qmi19\" \/>\n<meta name=\"twitter:card\" content=\"summary_large_image\" \/>\n<meta name=\"twitter:label1\" content=\"Verfasst von\" \/>\n\t<meta name=\"twitter:data1\" content=\"c@qmi19\" \/>\n\t<meta name=\"twitter:label2\" content=\"Gesch\u00e4tzte Lesezeit\" \/>\n\t<meta name=\"twitter:data2\" content=\"4\u00a0Minuten\" \/>\n<script type=\"application\/ld+json\" class=\"yoast-schema-graph\">{\"@context\":\"https:\\\/\\\/schema.org\",\"@graph\":[{\"@type\":\"Article\",\"@id\":\"https:\\\/\\\/www.caq.edu.ec\\\/de\\\/jugend-debattiert-suedamerika-2022-an-der-dsq\\\/#article\",\"isPartOf\":{\"@id\":\"https:\\\/\\\/www.caq.edu.ec\\\/de\\\/jugend-debattiert-suedamerika-2022-an-der-dsq\\\/\"},\"author\":{\"name\":\"c@qmi19\",\"@id\":\"https:\\\/\\\/www.caq.edu.ec\\\/#\\\/schema\\\/person\\\/b5cf8ed3732fd280f58ddb05e68713c5\"},\"headline\":\"Jugend debattiert S\u00fcdamerika 2022 an der DSQ\",\"datePublished\":\"2022-10-28T17:55:31+00:00\",\"dateModified\":\"2024-08-30T14:08:54+00:00\",\"mainEntityOfPage\":{\"@id\":\"https:\\\/\\\/www.caq.edu.ec\\\/de\\\/jugend-debattiert-suedamerika-2022-an-der-dsq\\\/\"},\"wordCount\":897,\"articleSection\":[\"Nachrichten\"],\"inLanguage\":\"de\"},{\"@type\":\"WebPage\",\"@id\":\"https:\\\/\\\/www.caq.edu.ec\\\/de\\\/jugend-debattiert-suedamerika-2022-an-der-dsq\\\/\",\"url\":\"https:\\\/\\\/www.caq.edu.ec\\\/de\\\/jugend-debattiert-suedamerika-2022-an-der-dsq\\\/\",\"name\":\"Jugend debattiert S\u00fcdamerika 2022 an der DSQ - Colegio Alem\u00e1n Quito\",\"isPartOf\":{\"@id\":\"https:\\\/\\\/www.caq.edu.ec\\\/#website\"},\"datePublished\":\"2022-10-28T17:55:31+00:00\",\"dateModified\":\"2024-08-30T14:08:54+00:00\",\"author\":{\"@id\":\"https:\\\/\\\/www.caq.edu.ec\\\/#\\\/schema\\\/person\\\/b5cf8ed3732fd280f58ddb05e68713c5\"},\"breadcrumb\":{\"@id\":\"https:\\\/\\\/www.caq.edu.ec\\\/de\\\/jugend-debattiert-suedamerika-2022-an-der-dsq\\\/#breadcrumb\"},\"inLanguage\":\"de\",\"potentialAction\":[{\"@type\":\"ReadAction\",\"target\":[\"https:\\\/\\\/www.caq.edu.ec\\\/de\\\/jugend-debattiert-suedamerika-2022-an-der-dsq\\\/\"]}]},{\"@type\":\"BreadcrumbList\",\"@id\":\"https:\\\/\\\/www.caq.edu.ec\\\/de\\\/jugend-debattiert-suedamerika-2022-an-der-dsq\\\/#breadcrumb\",\"itemListElement\":[{\"@type\":\"ListItem\",\"position\":1,\"name\":\"Inicio\",\"item\":\"https:\\\/\\\/www.caq.edu.ec\\\/\"},{\"@type\":\"ListItem\",\"position\":2,\"name\":\"Nachrichten\",\"item\":\"https:\\\/\\\/www.caq.edu.ec\\\/de\\\/category\\\/nachrichten\\\/\"},{\"@type\":\"ListItem\",\"position\":3,\"name\":\"Jugend debattiert S\u00fcdamerika 2022 an der DSQ\"}]},{\"@type\":\"WebSite\",\"@id\":\"https:\\\/\\\/www.caq.edu.ec\\\/#website\",\"url\":\"https:\\\/\\\/www.caq.edu.ec\\\/\",\"name\":\"Colegio Alem\u00e1n Quito\",\"description\":\"Una puerta al mundo\",\"potentialAction\":[{\"@type\":\"SearchAction\",\"target\":{\"@type\":\"EntryPoint\",\"urlTemplate\":\"https:\\\/\\\/www.caq.edu.ec\\\/?s={search_term_string}\"},\"query-input\":{\"@type\":\"PropertyValueSpecification\",\"valueRequired\":true,\"valueName\":\"search_term_string\"}}],\"inLanguage\":\"de\"},{\"@type\":\"Person\",\"@id\":\"https:\\\/\\\/www.caq.edu.ec\\\/#\\\/schema\\\/person\\\/b5cf8ed3732fd280f58ddb05e68713c5\",\"name\":\"c@qmi19\",\"image\":{\"@type\":\"ImageObject\",\"inLanguage\":\"de\",\"@id\":\"https:\\\/\\\/secure.gravatar.com\\\/avatar\\\/6e6ce3a6a7a823e369373d95fd82a74034a6c18fe625ff3b7aecb034961c6f96?s=96&d=mm&r=g\",\"url\":\"https:\\\/\\\/secure.gravatar.com\\\/avatar\\\/6e6ce3a6a7a823e369373d95fd82a74034a6c18fe625ff3b7aecb034961c6f96?s=96&d=mm&r=g\",\"contentUrl\":\"https:\\\/\\\/secure.gravatar.com\\\/avatar\\\/6e6ce3a6a7a823e369373d95fd82a74034a6c18fe625ff3b7aecb034961c6f96?s=96&d=mm&r=g\",\"caption\":\"c@qmi19\"},\"url\":\"https:\\\/\\\/www.caq.edu.ec\\\/de\\\/author\\\/cqmi19\\\/\"}]}<\/script>\n<!-- \/ Yoast SEO plugin. -->","yoast_head_json":{"title":"Jugend debattiert S\u00fcdamerika 2022 an der DSQ - Colegio Alem\u00e1n Quito","robots":{"index":"index","follow":"follow","max-snippet":"max-snippet:-1","max-image-preview":"max-image-preview:large","max-video-preview":"max-video-preview:-1"},"canonical":"https:\/\/www.caq.edu.ec\/de\/jugend-debattiert-suedamerika-2022-an-der-dsq\/","og_locale":"de_DE","og_type":"article","og_title":"Jugend debattiert S\u00fcdamerika 2022 an der DSQ - Colegio Alem\u00e1n Quito","og_description":"Jugend debattiert ist in \u00fcber 35 L\u00e4ndern Programm. Seit 2016 gibt es Jugend debattiert auch in S\u00fcdamerika, getragen von der Zentralstelle f\u00fcr das Auslandschulwesen und der Hertie-Stiftung. Dieses Jahr fand der Wettbewerb vom 24.-26.10.2022 an der Deutschen Schule Quito, Ecuador statt. Dabei traten 16 Sch\u00fclerInnen aus 8 L\u00e4ndern S\u00fcdamerikas gegeneinander an. Vertreten waren die L\u00e4ndern [&hellip;]","og_url":"https:\/\/www.caq.edu.ec\/de\/jugend-debattiert-suedamerika-2022-an-der-dsq\/","og_site_name":"Colegio Alem\u00e1n Quito","article_published_time":"2022-10-28T17:55:31+00:00","article_modified_time":"2024-08-30T14:08:54+00:00","author":"c@qmi19","twitter_card":"summary_large_image","twitter_misc":{"Verfasst von":"c@qmi19","Gesch\u00e4tzte Lesezeit":"4\u00a0Minuten"},"schema":{"@context":"https:\/\/schema.org","@graph":[{"@type":"Article","@id":"https:\/\/www.caq.edu.ec\/de\/jugend-debattiert-suedamerika-2022-an-der-dsq\/#article","isPartOf":{"@id":"https:\/\/www.caq.edu.ec\/de\/jugend-debattiert-suedamerika-2022-an-der-dsq\/"},"author":{"name":"c@qmi19","@id":"https:\/\/www.caq.edu.ec\/#\/schema\/person\/b5cf8ed3732fd280f58ddb05e68713c5"},"headline":"Jugend debattiert S\u00fcdamerika 2022 an der DSQ","datePublished":"2022-10-28T17:55:31+00:00","dateModified":"2024-08-30T14:08:54+00:00","mainEntityOfPage":{"@id":"https:\/\/www.caq.edu.ec\/de\/jugend-debattiert-suedamerika-2022-an-der-dsq\/"},"wordCount":897,"articleSection":["Nachrichten"],"inLanguage":"de"},{"@type":"WebPage","@id":"https:\/\/www.caq.edu.ec\/de\/jugend-debattiert-suedamerika-2022-an-der-dsq\/","url":"https:\/\/www.caq.edu.ec\/de\/jugend-debattiert-suedamerika-2022-an-der-dsq\/","name":"Jugend debattiert S\u00fcdamerika 2022 an der DSQ - Colegio Alem\u00e1n Quito","isPartOf":{"@id":"https:\/\/www.caq.edu.ec\/#website"},"datePublished":"2022-10-28T17:55:31+00:00","dateModified":"2024-08-30T14:08:54+00:00","author":{"@id":"https:\/\/www.caq.edu.ec\/#\/schema\/person\/b5cf8ed3732fd280f58ddb05e68713c5"},"breadcrumb":{"@id":"https:\/\/www.caq.edu.ec\/de\/jugend-debattiert-suedamerika-2022-an-der-dsq\/#breadcrumb"},"inLanguage":"de","potentialAction":[{"@type":"ReadAction","target":["https:\/\/www.caq.edu.ec\/de\/jugend-debattiert-suedamerika-2022-an-der-dsq\/"]}]},{"@type":"BreadcrumbList","@id":"https:\/\/www.caq.edu.ec\/de\/jugend-debattiert-suedamerika-2022-an-der-dsq\/#breadcrumb","itemListElement":[{"@type":"ListItem","position":1,"name":"Inicio","item":"https:\/\/www.caq.edu.ec\/"},{"@type":"ListItem","position":2,"name":"Nachrichten","item":"https:\/\/www.caq.edu.ec\/de\/category\/nachrichten\/"},{"@type":"ListItem","position":3,"name":"Jugend debattiert S\u00fcdamerika 2022 an der DSQ"}]},{"@type":"WebSite","@id":"https:\/\/www.caq.edu.ec\/#website","url":"https:\/\/www.caq.edu.ec\/","name":"Colegio Alem\u00e1n Quito","description":"Una puerta al mundo","potentialAction":[{"@type":"SearchAction","target":{"@type":"EntryPoint","urlTemplate":"https:\/\/www.caq.edu.ec\/?s={search_term_string}"},"query-input":{"@type":"PropertyValueSpecification","valueRequired":true,"valueName":"search_term_string"}}],"inLanguage":"de"},{"@type":"Person","@id":"https:\/\/www.caq.edu.ec\/#\/schema\/person\/b5cf8ed3732fd280f58ddb05e68713c5","name":"c@qmi19","image":{"@type":"ImageObject","inLanguage":"de","@id":"https:\/\/secure.gravatar.com\/avatar\/6e6ce3a6a7a823e369373d95fd82a74034a6c18fe625ff3b7aecb034961c6f96?s=96&d=mm&r=g","url":"https:\/\/secure.gravatar.com\/avatar\/6e6ce3a6a7a823e369373d95fd82a74034a6c18fe625ff3b7aecb034961c6f96?s=96&d=mm&r=g","contentUrl":"https:\/\/secure.gravatar.com\/avatar\/6e6ce3a6a7a823e369373d95fd82a74034a6c18fe625ff3b7aecb034961c6f96?s=96&d=mm&r=g","caption":"c@qmi19"},"url":"https:\/\/www.caq.edu.ec\/de\/author\/cqmi19\/"}]}},"_links":{"self":[{"href":"https:\/\/www.caq.edu.ec\/de\/wp-json\/wp\/v2\/posts\/60866","targetHints":{"allow":["GET"]}}],"collection":[{"href":"https:\/\/www.caq.edu.ec\/de\/wp-json\/wp\/v2\/posts"}],"about":[{"href":"https:\/\/www.caq.edu.ec\/de\/wp-json\/wp\/v2\/types\/post"}],"author":[{"embeddable":true,"href":"https:\/\/www.caq.edu.ec\/de\/wp-json\/wp\/v2\/users\/6"}],"replies":[{"embeddable":true,"href":"https:\/\/www.caq.edu.ec\/de\/wp-json\/wp\/v2\/comments?post=60866"}],"version-history":[{"count":1,"href":"https:\/\/www.caq.edu.ec\/de\/wp-json\/wp\/v2\/posts\/60866\/revisions"}],"predecessor-version":[{"id":64254,"href":"https:\/\/www.caq.edu.ec\/de\/wp-json\/wp\/v2\/posts\/60866\/revisions\/64254"}],"wp:attachment":[{"href":"https:\/\/www.caq.edu.ec\/de\/wp-json\/wp\/v2\/media?parent=60866"}],"wp:term":[{"taxonomy":"category","embeddable":true,"href":"https:\/\/www.caq.edu.ec\/de\/wp-json\/wp\/v2\/categories?post=60866"},{"taxonomy":"post_tag","embeddable":true,"href":"https:\/\/www.caq.edu.ec\/de\/wp-json\/wp\/v2\/tags?post=60866"}],"curies":[{"name":"wp","href":"https:\/\/api.w.org\/{rel}","templated":true}]}}