{"id":60864,"date":"2022-10-26T16:45:18","date_gmt":"2022-10-26T16:45:18","guid":{"rendered":"https:\/\/www.caq.edu.ec\/eroeffnung-der-internen-sportspiele-2022\/"},"modified":"2024-08-30T09:08:54","modified_gmt":"2024-08-30T14:08:54","slug":"eroeffnung-der-internen-sportspiele-2022","status":"publish","type":"post","link":"https:\/\/www.caq.edu.ec\/de\/eroeffnung-der-internen-sportspiele-2022\/","title":{"rendered":"Er\u00f6ffnung der internen Sportspiele 2022"},"content":{"rendered":"<p>Am Samstag, den 22. Oktober, fand die Er\u00f6ffnung der Sportspiele statt, an denen die Klassen 3 bis 12 teilnahmen. Die Sch\u00fclerinnen und Sch\u00fcler versammelten sich um 8.30 Uhr auf dem Fu\u00dfballplatz und teilten sich dann je nach der von ihnen gew\u00e4hlten Sportart in Teams auf.<\/p>\n<p>Das Rektorat dankt der Sportfachschaft und allen Lehrerinnen und Lehrern f\u00fcr ihre Unterst\u00fctzung bei dieser Veranstaltung.<\/p>\n<p>Hier sind einige Bilder:<\/p>\n<p>&nbsp;<\/p>\n\n","protected":false},"excerpt":{"rendered":"<p>Am Samstag, den 22. Oktober, fand die Er\u00f6ffnung der Sportspiele statt, an denen die Klassen 3 bis 12 teilnahmen. Die Sch\u00fclerinnen und Sch\u00fcler versammelten sich um 8.30 Uhr auf dem Fu\u00dfballplatz und teilten sich dann je nach der von ihnen gew\u00e4hlten Sportart in Teams auf. Das Rektorat dankt der Sportfachschaft und allen Lehrerinnen und Lehrern [&hellip;]<\/p>\n","protected":false},"author":6,"featured_media":0,"comment_status":"closed","ping_status":"closed","sticky":false,"template":"","format":"standard","meta":{"footnotes":""},"categories":[36],"tags":[],"class_list":["post-60864","post","type-post","status-publish","format-standard","hentry","category-nachrichten"],"yoast_head":"<!-- This site is optimized with the Yoast SEO plugin v27.4 - https:\/\/yoast.com\/product\/yoast-seo-wordpress\/ -->\n<title>Er\u00f6ffnung der internen Sportspiele 2022 - Colegio Alem\u00e1n Quito<\/title>\n<meta name=\"robots\" content=\"index, follow, max-snippet:-1, max-image-preview:large, max-video-preview:-1\" \/>\n<link rel=\"canonical\" href=\"https:\/\/www.caq.edu.ec\/de\/eroeffnung-der-internen-sportspiele-2022\/\" \/>\n<meta property=\"og:locale\" content=\"de_DE\" \/>\n<meta property=\"og:type\" content=\"article\" \/>\n<meta property=\"og:title\" content=\"Er\u00f6ffnung der internen Sportspiele 2022 - Colegio Alem\u00e1n Quito\" \/>\n<meta property=\"og:description\" content=\"Am Samstag, den 22. Oktober, fand die Er\u00f6ffnung der Sportspiele statt, an denen die Klassen 3 bis 12 teilnahmen. Die Sch\u00fclerinnen und Sch\u00fcler versammelten sich um 8.30 Uhr auf dem Fu\u00dfballplatz und teilten sich dann je nach der von ihnen gew\u00e4hlten Sportart in Teams auf. Das Rektorat dankt der Sportfachschaft und allen Lehrerinnen und Lehrern [&hellip;]\" \/>\n<meta property=\"og:url\" content=\"https:\/\/www.caq.edu.ec\/de\/eroeffnung-der-internen-sportspiele-2022\/\" \/>\n<meta property=\"og:site_name\" content=\"Colegio Alem\u00e1n Quito\" \/>\n<meta property=\"article:published_time\" content=\"2022-10-26T16:45:18+00:00\" \/>\n<meta property=\"article:modified_time\" content=\"2024-08-30T14:08:54+00:00\" \/>\n<meta name=\"author\" content=\"c@qmi19\" \/>\n<meta name=\"twitter:card\" content=\"summary_large_image\" \/>\n<meta name=\"twitter:label1\" content=\"Verfasst von\" \/>\n\t<meta name=\"twitter:data1\" content=\"c@qmi19\" \/>\n\t<meta name=\"twitter:label2\" content=\"Gesch\u00e4tzte Lesezeit\" \/>\n\t<meta name=\"twitter:data2\" content=\"2\u00a0Minuten\" \/>\n<script type=\"application\/ld+json\" class=\"yoast-schema-graph\">{\"@context\":\"https:\\\/\\\/schema.org\",\"@graph\":[{\"@type\":\"Article\",\"@id\":\"https:\\\/\\\/www.caq.edu.ec\\\/de\\\/eroeffnung-der-internen-sportspiele-2022\\\/#article\",\"isPartOf\":{\"@id\":\"https:\\\/\\\/www.caq.edu.ec\\\/de\\\/eroeffnung-der-internen-sportspiele-2022\\\/\"},\"author\":{\"name\":\"c@qmi19\",\"@id\":\"https:\\\/\\\/www.caq.edu.ec\\\/#\\\/schema\\\/person\\\/b5cf8ed3732fd280f58ddb05e68713c5\"},\"headline\":\"Er\u00f6ffnung der internen Sportspiele 2022\",\"datePublished\":\"2022-10-26T16:45:18+00:00\",\"dateModified\":\"2024-08-30T14:08:54+00:00\",\"mainEntityOfPage\":{\"@id\":\"https:\\\/\\\/www.caq.edu.ec\\\/de\\\/eroeffnung-der-internen-sportspiele-2022\\\/\"},\"wordCount\":440,\"articleSection\":[\"Nachrichten\"],\"inLanguage\":\"de\"},{\"@type\":\"WebPage\",\"@id\":\"https:\\\/\\\/www.caq.edu.ec\\\/de\\\/eroeffnung-der-internen-sportspiele-2022\\\/\",\"url\":\"https:\\\/\\\/www.caq.edu.ec\\\/de\\\/eroeffnung-der-internen-sportspiele-2022\\\/\",\"name\":\"Er\u00f6ffnung der internen Sportspiele 2022 - Colegio Alem\u00e1n Quito\",\"isPartOf\":{\"@id\":\"https:\\\/\\\/www.caq.edu.ec\\\/#website\"},\"datePublished\":\"2022-10-26T16:45:18+00:00\",\"dateModified\":\"2024-08-30T14:08:54+00:00\",\"author\":{\"@id\":\"https:\\\/\\\/www.caq.edu.ec\\\/#\\\/schema\\\/person\\\/b5cf8ed3732fd280f58ddb05e68713c5\"},\"breadcrumb\":{\"@id\":\"https:\\\/\\\/www.caq.edu.ec\\\/de\\\/eroeffnung-der-internen-sportspiele-2022\\\/#breadcrumb\"},\"inLanguage\":\"de\",\"potentialAction\":[{\"@type\":\"ReadAction\",\"target\":[\"https:\\\/\\\/www.caq.edu.ec\\\/de\\\/eroeffnung-der-internen-sportspiele-2022\\\/\"]}]},{\"@type\":\"BreadcrumbList\",\"@id\":\"https:\\\/\\\/www.caq.edu.ec\\\/de\\\/eroeffnung-der-internen-sportspiele-2022\\\/#breadcrumb\",\"itemListElement\":[{\"@type\":\"ListItem\",\"position\":1,\"name\":\"Inicio\",\"item\":\"https:\\\/\\\/www.caq.edu.ec\\\/\"},{\"@type\":\"ListItem\",\"position\":2,\"name\":\"Nachrichten\",\"item\":\"https:\\\/\\\/www.caq.edu.ec\\\/de\\\/category\\\/nachrichten\\\/\"},{\"@type\":\"ListItem\",\"position\":3,\"name\":\"Er\u00f6ffnung der internen Sportspiele 2022\"}]},{\"@type\":\"WebSite\",\"@id\":\"https:\\\/\\\/www.caq.edu.ec\\\/#website\",\"url\":\"https:\\\/\\\/www.caq.edu.ec\\\/\",\"name\":\"Colegio Alem\u00e1n Quito\",\"description\":\"Una puerta al mundo\",\"potentialAction\":[{\"@type\":\"SearchAction\",\"target\":{\"@type\":\"EntryPoint\",\"urlTemplate\":\"https:\\\/\\\/www.caq.edu.ec\\\/?s={search_term_string}\"},\"query-input\":{\"@type\":\"PropertyValueSpecification\",\"valueRequired\":true,\"valueName\":\"search_term_string\"}}],\"inLanguage\":\"de\"},{\"@type\":\"Person\",\"@id\":\"https:\\\/\\\/www.caq.edu.ec\\\/#\\\/schema\\\/person\\\/b5cf8ed3732fd280f58ddb05e68713c5\",\"name\":\"c@qmi19\",\"image\":{\"@type\":\"ImageObject\",\"inLanguage\":\"de\",\"@id\":\"https:\\\/\\\/secure.gravatar.com\\\/avatar\\\/6e6ce3a6a7a823e369373d95fd82a74034a6c18fe625ff3b7aecb034961c6f96?s=96&d=mm&r=g\",\"url\":\"https:\\\/\\\/secure.gravatar.com\\\/avatar\\\/6e6ce3a6a7a823e369373d95fd82a74034a6c18fe625ff3b7aecb034961c6f96?s=96&d=mm&r=g\",\"contentUrl\":\"https:\\\/\\\/secure.gravatar.com\\\/avatar\\\/6e6ce3a6a7a823e369373d95fd82a74034a6c18fe625ff3b7aecb034961c6f96?s=96&d=mm&r=g\",\"caption\":\"c@qmi19\"},\"url\":\"https:\\\/\\\/www.caq.edu.ec\\\/de\\\/author\\\/cqmi19\\\/\"}]}<\/script>\n<!-- \/ Yoast SEO plugin. -->","yoast_head_json":{"title":"Er\u00f6ffnung der internen Sportspiele 2022 - Colegio Alem\u00e1n Quito","robots":{"index":"index","follow":"follow","max-snippet":"max-snippet:-1","max-image-preview":"max-image-preview:large","max-video-preview":"max-video-preview:-1"},"canonical":"https:\/\/www.caq.edu.ec\/de\/eroeffnung-der-internen-sportspiele-2022\/","og_locale":"de_DE","og_type":"article","og_title":"Er\u00f6ffnung der internen Sportspiele 2022 - Colegio Alem\u00e1n Quito","og_description":"Am Samstag, den 22. Oktober, fand die Er\u00f6ffnung der Sportspiele statt, an denen die Klassen 3 bis 12 teilnahmen. Die Sch\u00fclerinnen und Sch\u00fcler versammelten sich um 8.30 Uhr auf dem Fu\u00dfballplatz und teilten sich dann je nach der von ihnen gew\u00e4hlten Sportart in Teams auf. Das Rektorat dankt der Sportfachschaft und allen Lehrerinnen und Lehrern [&hellip;]","og_url":"https:\/\/www.caq.edu.ec\/de\/eroeffnung-der-internen-sportspiele-2022\/","og_site_name":"Colegio Alem\u00e1n Quito","article_published_time":"2022-10-26T16:45:18+00:00","article_modified_time":"2024-08-30T14:08:54+00:00","author":"c@qmi19","twitter_card":"summary_large_image","twitter_misc":{"Verfasst von":"c@qmi19","Gesch\u00e4tzte Lesezeit":"2\u00a0Minuten"},"schema":{"@context":"https:\/\/schema.org","@graph":[{"@type":"Article","@id":"https:\/\/www.caq.edu.ec\/de\/eroeffnung-der-internen-sportspiele-2022\/#article","isPartOf":{"@id":"https:\/\/www.caq.edu.ec\/de\/eroeffnung-der-internen-sportspiele-2022\/"},"author":{"name":"c@qmi19","@id":"https:\/\/www.caq.edu.ec\/#\/schema\/person\/b5cf8ed3732fd280f58ddb05e68713c5"},"headline":"Er\u00f6ffnung der internen Sportspiele 2022","datePublished":"2022-10-26T16:45:18+00:00","dateModified":"2024-08-30T14:08:54+00:00","mainEntityOfPage":{"@id":"https:\/\/www.caq.edu.ec\/de\/eroeffnung-der-internen-sportspiele-2022\/"},"wordCount":440,"articleSection":["Nachrichten"],"inLanguage":"de"},{"@type":"WebPage","@id":"https:\/\/www.caq.edu.ec\/de\/eroeffnung-der-internen-sportspiele-2022\/","url":"https:\/\/www.caq.edu.ec\/de\/eroeffnung-der-internen-sportspiele-2022\/","name":"Er\u00f6ffnung der internen Sportspiele 2022 - Colegio Alem\u00e1n Quito","isPartOf":{"@id":"https:\/\/www.caq.edu.ec\/#website"},"datePublished":"2022-10-26T16:45:18+00:00","dateModified":"2024-08-30T14:08:54+00:00","author":{"@id":"https:\/\/www.caq.edu.ec\/#\/schema\/person\/b5cf8ed3732fd280f58ddb05e68713c5"},"breadcrumb":{"@id":"https:\/\/www.caq.edu.ec\/de\/eroeffnung-der-internen-sportspiele-2022\/#breadcrumb"},"inLanguage":"de","potentialAction":[{"@type":"ReadAction","target":["https:\/\/www.caq.edu.ec\/de\/eroeffnung-der-internen-sportspiele-2022\/"]}]},{"@type":"BreadcrumbList","@id":"https:\/\/www.caq.edu.ec\/de\/eroeffnung-der-internen-sportspiele-2022\/#breadcrumb","itemListElement":[{"@type":"ListItem","position":1,"name":"Inicio","item":"https:\/\/www.caq.edu.ec\/"},{"@type":"ListItem","position":2,"name":"Nachrichten","item":"https:\/\/www.caq.edu.ec\/de\/category\/nachrichten\/"},{"@type":"ListItem","position":3,"name":"Er\u00f6ffnung der internen Sportspiele 2022"}]},{"@type":"WebSite","@id":"https:\/\/www.caq.edu.ec\/#website","url":"https:\/\/www.caq.edu.ec\/","name":"Colegio Alem\u00e1n Quito","description":"Una puerta al mundo","potentialAction":[{"@type":"SearchAction","target":{"@type":"EntryPoint","urlTemplate":"https:\/\/www.caq.edu.ec\/?s={search_term_string}"},"query-input":{"@type":"PropertyValueSpecification","valueRequired":true,"valueName":"search_term_string"}}],"inLanguage":"de"},{"@type":"Person","@id":"https:\/\/www.caq.edu.ec\/#\/schema\/person\/b5cf8ed3732fd280f58ddb05e68713c5","name":"c@qmi19","image":{"@type":"ImageObject","inLanguage":"de","@id":"https:\/\/secure.gravatar.com\/avatar\/6e6ce3a6a7a823e369373d95fd82a74034a6c18fe625ff3b7aecb034961c6f96?s=96&d=mm&r=g","url":"https:\/\/secure.gravatar.com\/avatar\/6e6ce3a6a7a823e369373d95fd82a74034a6c18fe625ff3b7aecb034961c6f96?s=96&d=mm&r=g","contentUrl":"https:\/\/secure.gravatar.com\/avatar\/6e6ce3a6a7a823e369373d95fd82a74034a6c18fe625ff3b7aecb034961c6f96?s=96&d=mm&r=g","caption":"c@qmi19"},"url":"https:\/\/www.caq.edu.ec\/de\/author\/cqmi19\/"}]}},"_links":{"self":[{"href":"https:\/\/www.caq.edu.ec\/de\/wp-json\/wp\/v2\/posts\/60864","targetHints":{"allow":["GET"]}}],"collection":[{"href":"https:\/\/www.caq.edu.ec\/de\/wp-json\/wp\/v2\/posts"}],"about":[{"href":"https:\/\/www.caq.edu.ec\/de\/wp-json\/wp\/v2\/types\/post"}],"author":[{"embeddable":true,"href":"https:\/\/www.caq.edu.ec\/de\/wp-json\/wp\/v2\/users\/6"}],"replies":[{"embeddable":true,"href":"https:\/\/www.caq.edu.ec\/de\/wp-json\/wp\/v2\/comments?post=60864"}],"version-history":[{"count":1,"href":"https:\/\/www.caq.edu.ec\/de\/wp-json\/wp\/v2\/posts\/60864\/revisions"}],"predecessor-version":[{"id":64256,"href":"https:\/\/www.caq.edu.ec\/de\/wp-json\/wp\/v2\/posts\/60864\/revisions\/64256"}],"wp:attachment":[{"href":"https:\/\/www.caq.edu.ec\/de\/wp-json\/wp\/v2\/media?parent=60864"}],"wp:term":[{"taxonomy":"category","embeddable":true,"href":"https:\/\/www.caq.edu.ec\/de\/wp-json\/wp\/v2\/categories?post=60864"},{"taxonomy":"post_tag","embeddable":true,"href":"https:\/\/www.caq.edu.ec\/de\/wp-json\/wp\/v2\/tags?post=60864"}],"curies":[{"name":"wp","href":"https:\/\/api.w.org\/{rel}","templated":true}]}}