{"id":60861,"date":"2022-10-22T03:32:07","date_gmt":"2022-10-22T03:32:07","guid":{"rendered":"https:\/\/www.caq.edu.ec\/einweihung-des-neuen-chemielabors-und-des-sekundarbereichs\/"},"modified":"2024-08-30T09:08:54","modified_gmt":"2024-08-30T14:08:54","slug":"einweihung-des-neuen-chemielabors-und-des-sekundarbereichs","status":"publish","type":"post","link":"https:\/\/www.caq.edu.ec\/de\/einweihung-des-neuen-chemielabors-und-des-sekundarbereichs\/","title":{"rendered":"Einweihung des neuen Chemielabors und des Sekundarbereichs"},"content":{"rendered":"<p>Am Freitag, den 21. Oktober 2022, fand die offizielle Einweihung des neuen Chemielabors und des Sekundarbereichs statt.<\/p>\n<p>Der Au\u00dfenminister Ecuadors und Ehemaliger, <strong>Juan Carlos Holgu\u00edn<\/strong>, war unser Ehrengast. Begleitet wurden wir auch vom Botschafter der Bundesrepublik Deutschland, Dr. Philipp Schauer, von der Botschafterin der Schweiz, Marianne Jenni, dem designierten Botschafter Ecuadors in Deutschland und auch ein Ehemaliger, Diego Morej\u00f3n. Ebenfalls anwesend waren Vertreter des Bildungsministeriums, des Sch\u00fclerparlaments, des Kollegiums, der APF, der AEACE u.a.<\/p>\n<p>Nach der Pr\u00e4sentation einiger Experimente im neuen Labor begaben sich die Anwesenden in den renovierten Sekundarbereich. Nach der Begr\u00fc\u00dfung unseres Schulleiters, Dr. J\u00fcrgen Haist, hielten die Ehreng\u00e4ste ihre Reden. Die bewegenden Worte und Anekdoten des Au\u00dfenministers ber\u00fchrten die Zuh\u00f6rer besonders.<\/p>\n<p>Die Veranstaltung endete mit einem musikalischen Beitrag der Band der 12. Klassen.<\/p>\n<p>Wir danken allen Beteiligten f\u00fcr ihre wertvolle Teilnahme und sind sicher, dass diese neuen R\u00e4ume zur ganzheitlichen Bildung unserer Sch\u00fclerinnen und Sch\u00fcler beitragen werden.<\/p>\n<p>&nbsp;<\/p>\n\n","protected":false},"excerpt":{"rendered":"<p>Am Freitag, den 21. Oktober 2022, fand die offizielle Einweihung des neuen Chemielabors und des Sekundarbereichs statt. Der Au\u00dfenminister Ecuadors und Ehemaliger, Juan Carlos Holgu\u00edn, war unser Ehrengast. Begleitet wurden wir auch vom Botschafter der Bundesrepublik Deutschland, Dr. Philipp Schauer, von der Botschafterin der Schweiz, Marianne Jenni, dem designierten Botschafter Ecuadors in Deutschland und auch [&hellip;]<\/p>\n","protected":false},"author":6,"featured_media":0,"comment_status":"closed","ping_status":"closed","sticky":false,"template":"","format":"standard","meta":{"footnotes":""},"categories":[36],"tags":[],"class_list":["post-60861","post","type-post","status-publish","format-standard","hentry","category-nachrichten"],"yoast_head":"<!-- This site is optimized with the Yoast SEO plugin v27.4 - https:\/\/yoast.com\/product\/yoast-seo-wordpress\/ -->\n<title>Einweihung des neuen Chemielabors und des Sekundarbereichs - Colegio Alem\u00e1n Quito<\/title>\n<meta name=\"robots\" content=\"index, follow, max-snippet:-1, max-image-preview:large, max-video-preview:-1\" \/>\n<link rel=\"canonical\" href=\"https:\/\/www.caq.edu.ec\/de\/einweihung-des-neuen-chemielabors-und-des-sekundarbereichs\/\" \/>\n<meta property=\"og:locale\" content=\"de_DE\" \/>\n<meta property=\"og:type\" content=\"article\" \/>\n<meta property=\"og:title\" content=\"Einweihung des neuen Chemielabors und des Sekundarbereichs - Colegio Alem\u00e1n Quito\" \/>\n<meta property=\"og:description\" content=\"Am Freitag, den 21. Oktober 2022, fand die offizielle Einweihung des neuen Chemielabors und des Sekundarbereichs statt. Der Au\u00dfenminister Ecuadors und Ehemaliger, Juan Carlos Holgu\u00edn, war unser Ehrengast. Begleitet wurden wir auch vom Botschafter der Bundesrepublik Deutschland, Dr. Philipp Schauer, von der Botschafterin der Schweiz, Marianne Jenni, dem designierten Botschafter Ecuadors in Deutschland und auch [&hellip;]\" \/>\n<meta property=\"og:url\" content=\"https:\/\/www.caq.edu.ec\/de\/einweihung-des-neuen-chemielabors-und-des-sekundarbereichs\/\" \/>\n<meta property=\"og:site_name\" content=\"Colegio Alem\u00e1n Quito\" \/>\n<meta property=\"article:published_time\" content=\"2022-10-22T03:32:07+00:00\" \/>\n<meta property=\"article:modified_time\" content=\"2024-08-30T14:08:54+00:00\" \/>\n<meta name=\"author\" content=\"c@qmi19\" \/>\n<meta name=\"twitter:card\" content=\"summary_large_image\" \/>\n<meta name=\"twitter:label1\" content=\"Verfasst von\" \/>\n\t<meta name=\"twitter:data1\" content=\"c@qmi19\" \/>\n\t<meta name=\"twitter:label2\" content=\"Gesch\u00e4tzte Lesezeit\" \/>\n\t<meta name=\"twitter:data2\" content=\"2\u00a0Minuten\" \/>\n<script type=\"application\/ld+json\" class=\"yoast-schema-graph\">{\"@context\":\"https:\\\/\\\/schema.org\",\"@graph\":[{\"@type\":\"Article\",\"@id\":\"https:\\\/\\\/www.caq.edu.ec\\\/de\\\/einweihung-des-neuen-chemielabors-und-des-sekundarbereichs\\\/#article\",\"isPartOf\":{\"@id\":\"https:\\\/\\\/www.caq.edu.ec\\\/de\\\/einweihung-des-neuen-chemielabors-und-des-sekundarbereichs\\\/\"},\"author\":{\"name\":\"c@qmi19\",\"@id\":\"https:\\\/\\\/www.caq.edu.ec\\\/#\\\/schema\\\/person\\\/b5cf8ed3732fd280f58ddb05e68713c5\"},\"headline\":\"Einweihung des neuen Chemielabors und des Sekundarbereichs\",\"datePublished\":\"2022-10-22T03:32:07+00:00\",\"dateModified\":\"2024-08-30T14:08:54+00:00\",\"mainEntityOfPage\":{\"@id\":\"https:\\\/\\\/www.caq.edu.ec\\\/de\\\/einweihung-des-neuen-chemielabors-und-des-sekundarbereichs\\\/\"},\"wordCount\":461,\"articleSection\":[\"Nachrichten\"],\"inLanguage\":\"de\"},{\"@type\":\"WebPage\",\"@id\":\"https:\\\/\\\/www.caq.edu.ec\\\/de\\\/einweihung-des-neuen-chemielabors-und-des-sekundarbereichs\\\/\",\"url\":\"https:\\\/\\\/www.caq.edu.ec\\\/de\\\/einweihung-des-neuen-chemielabors-und-des-sekundarbereichs\\\/\",\"name\":\"Einweihung des neuen Chemielabors und des Sekundarbereichs - Colegio Alem\u00e1n Quito\",\"isPartOf\":{\"@id\":\"https:\\\/\\\/www.caq.edu.ec\\\/#website\"},\"datePublished\":\"2022-10-22T03:32:07+00:00\",\"dateModified\":\"2024-08-30T14:08:54+00:00\",\"author\":{\"@id\":\"https:\\\/\\\/www.caq.edu.ec\\\/#\\\/schema\\\/person\\\/b5cf8ed3732fd280f58ddb05e68713c5\"},\"breadcrumb\":{\"@id\":\"https:\\\/\\\/www.caq.edu.ec\\\/de\\\/einweihung-des-neuen-chemielabors-und-des-sekundarbereichs\\\/#breadcrumb\"},\"inLanguage\":\"de\",\"potentialAction\":[{\"@type\":\"ReadAction\",\"target\":[\"https:\\\/\\\/www.caq.edu.ec\\\/de\\\/einweihung-des-neuen-chemielabors-und-des-sekundarbereichs\\\/\"]}]},{\"@type\":\"BreadcrumbList\",\"@id\":\"https:\\\/\\\/www.caq.edu.ec\\\/de\\\/einweihung-des-neuen-chemielabors-und-des-sekundarbereichs\\\/#breadcrumb\",\"itemListElement\":[{\"@type\":\"ListItem\",\"position\":1,\"name\":\"Inicio\",\"item\":\"https:\\\/\\\/www.caq.edu.ec\\\/\"},{\"@type\":\"ListItem\",\"position\":2,\"name\":\"Nachrichten\",\"item\":\"https:\\\/\\\/www.caq.edu.ec\\\/de\\\/category\\\/nachrichten\\\/\"},{\"@type\":\"ListItem\",\"position\":3,\"name\":\"Einweihung des neuen Chemielabors und des Sekundarbereichs\"}]},{\"@type\":\"WebSite\",\"@id\":\"https:\\\/\\\/www.caq.edu.ec\\\/#website\",\"url\":\"https:\\\/\\\/www.caq.edu.ec\\\/\",\"name\":\"Colegio Alem\u00e1n Quito\",\"description\":\"Una puerta al mundo\",\"potentialAction\":[{\"@type\":\"SearchAction\",\"target\":{\"@type\":\"EntryPoint\",\"urlTemplate\":\"https:\\\/\\\/www.caq.edu.ec\\\/?s={search_term_string}\"},\"query-input\":{\"@type\":\"PropertyValueSpecification\",\"valueRequired\":true,\"valueName\":\"search_term_string\"}}],\"inLanguage\":\"de\"},{\"@type\":\"Person\",\"@id\":\"https:\\\/\\\/www.caq.edu.ec\\\/#\\\/schema\\\/person\\\/b5cf8ed3732fd280f58ddb05e68713c5\",\"name\":\"c@qmi19\",\"image\":{\"@type\":\"ImageObject\",\"inLanguage\":\"de\",\"@id\":\"https:\\\/\\\/secure.gravatar.com\\\/avatar\\\/6e6ce3a6a7a823e369373d95fd82a74034a6c18fe625ff3b7aecb034961c6f96?s=96&d=mm&r=g\",\"url\":\"https:\\\/\\\/secure.gravatar.com\\\/avatar\\\/6e6ce3a6a7a823e369373d95fd82a74034a6c18fe625ff3b7aecb034961c6f96?s=96&d=mm&r=g\",\"contentUrl\":\"https:\\\/\\\/secure.gravatar.com\\\/avatar\\\/6e6ce3a6a7a823e369373d95fd82a74034a6c18fe625ff3b7aecb034961c6f96?s=96&d=mm&r=g\",\"caption\":\"c@qmi19\"},\"url\":\"https:\\\/\\\/www.caq.edu.ec\\\/de\\\/author\\\/cqmi19\\\/\"}]}<\/script>\n<!-- \/ Yoast SEO plugin. -->","yoast_head_json":{"title":"Einweihung des neuen Chemielabors und des Sekundarbereichs - Colegio Alem\u00e1n Quito","robots":{"index":"index","follow":"follow","max-snippet":"max-snippet:-1","max-image-preview":"max-image-preview:large","max-video-preview":"max-video-preview:-1"},"canonical":"https:\/\/www.caq.edu.ec\/de\/einweihung-des-neuen-chemielabors-und-des-sekundarbereichs\/","og_locale":"de_DE","og_type":"article","og_title":"Einweihung des neuen Chemielabors und des Sekundarbereichs - Colegio Alem\u00e1n Quito","og_description":"Am Freitag, den 21. Oktober 2022, fand die offizielle Einweihung des neuen Chemielabors und des Sekundarbereichs statt. Der Au\u00dfenminister Ecuadors und Ehemaliger, Juan Carlos Holgu\u00edn, war unser Ehrengast. Begleitet wurden wir auch vom Botschafter der Bundesrepublik Deutschland, Dr. Philipp Schauer, von der Botschafterin der Schweiz, Marianne Jenni, dem designierten Botschafter Ecuadors in Deutschland und auch [&hellip;]","og_url":"https:\/\/www.caq.edu.ec\/de\/einweihung-des-neuen-chemielabors-und-des-sekundarbereichs\/","og_site_name":"Colegio Alem\u00e1n Quito","article_published_time":"2022-10-22T03:32:07+00:00","article_modified_time":"2024-08-30T14:08:54+00:00","author":"c@qmi19","twitter_card":"summary_large_image","twitter_misc":{"Verfasst von":"c@qmi19","Gesch\u00e4tzte Lesezeit":"2\u00a0Minuten"},"schema":{"@context":"https:\/\/schema.org","@graph":[{"@type":"Article","@id":"https:\/\/www.caq.edu.ec\/de\/einweihung-des-neuen-chemielabors-und-des-sekundarbereichs\/#article","isPartOf":{"@id":"https:\/\/www.caq.edu.ec\/de\/einweihung-des-neuen-chemielabors-und-des-sekundarbereichs\/"},"author":{"name":"c@qmi19","@id":"https:\/\/www.caq.edu.ec\/#\/schema\/person\/b5cf8ed3732fd280f58ddb05e68713c5"},"headline":"Einweihung des neuen Chemielabors und des Sekundarbereichs","datePublished":"2022-10-22T03:32:07+00:00","dateModified":"2024-08-30T14:08:54+00:00","mainEntityOfPage":{"@id":"https:\/\/www.caq.edu.ec\/de\/einweihung-des-neuen-chemielabors-und-des-sekundarbereichs\/"},"wordCount":461,"articleSection":["Nachrichten"],"inLanguage":"de"},{"@type":"WebPage","@id":"https:\/\/www.caq.edu.ec\/de\/einweihung-des-neuen-chemielabors-und-des-sekundarbereichs\/","url":"https:\/\/www.caq.edu.ec\/de\/einweihung-des-neuen-chemielabors-und-des-sekundarbereichs\/","name":"Einweihung des neuen Chemielabors und des Sekundarbereichs - Colegio Alem\u00e1n Quito","isPartOf":{"@id":"https:\/\/www.caq.edu.ec\/#website"},"datePublished":"2022-10-22T03:32:07+00:00","dateModified":"2024-08-30T14:08:54+00:00","author":{"@id":"https:\/\/www.caq.edu.ec\/#\/schema\/person\/b5cf8ed3732fd280f58ddb05e68713c5"},"breadcrumb":{"@id":"https:\/\/www.caq.edu.ec\/de\/einweihung-des-neuen-chemielabors-und-des-sekundarbereichs\/#breadcrumb"},"inLanguage":"de","potentialAction":[{"@type":"ReadAction","target":["https:\/\/www.caq.edu.ec\/de\/einweihung-des-neuen-chemielabors-und-des-sekundarbereichs\/"]}]},{"@type":"BreadcrumbList","@id":"https:\/\/www.caq.edu.ec\/de\/einweihung-des-neuen-chemielabors-und-des-sekundarbereichs\/#breadcrumb","itemListElement":[{"@type":"ListItem","position":1,"name":"Inicio","item":"https:\/\/www.caq.edu.ec\/"},{"@type":"ListItem","position":2,"name":"Nachrichten","item":"https:\/\/www.caq.edu.ec\/de\/category\/nachrichten\/"},{"@type":"ListItem","position":3,"name":"Einweihung des neuen Chemielabors und des Sekundarbereichs"}]},{"@type":"WebSite","@id":"https:\/\/www.caq.edu.ec\/#website","url":"https:\/\/www.caq.edu.ec\/","name":"Colegio Alem\u00e1n Quito","description":"Una puerta al mundo","potentialAction":[{"@type":"SearchAction","target":{"@type":"EntryPoint","urlTemplate":"https:\/\/www.caq.edu.ec\/?s={search_term_string}"},"query-input":{"@type":"PropertyValueSpecification","valueRequired":true,"valueName":"search_term_string"}}],"inLanguage":"de"},{"@type":"Person","@id":"https:\/\/www.caq.edu.ec\/#\/schema\/person\/b5cf8ed3732fd280f58ddb05e68713c5","name":"c@qmi19","image":{"@type":"ImageObject","inLanguage":"de","@id":"https:\/\/secure.gravatar.com\/avatar\/6e6ce3a6a7a823e369373d95fd82a74034a6c18fe625ff3b7aecb034961c6f96?s=96&d=mm&r=g","url":"https:\/\/secure.gravatar.com\/avatar\/6e6ce3a6a7a823e369373d95fd82a74034a6c18fe625ff3b7aecb034961c6f96?s=96&d=mm&r=g","contentUrl":"https:\/\/secure.gravatar.com\/avatar\/6e6ce3a6a7a823e369373d95fd82a74034a6c18fe625ff3b7aecb034961c6f96?s=96&d=mm&r=g","caption":"c@qmi19"},"url":"https:\/\/www.caq.edu.ec\/de\/author\/cqmi19\/"}]}},"_links":{"self":[{"href":"https:\/\/www.caq.edu.ec\/de\/wp-json\/wp\/v2\/posts\/60861","targetHints":{"allow":["GET"]}}],"collection":[{"href":"https:\/\/www.caq.edu.ec\/de\/wp-json\/wp\/v2\/posts"}],"about":[{"href":"https:\/\/www.caq.edu.ec\/de\/wp-json\/wp\/v2\/types\/post"}],"author":[{"embeddable":true,"href":"https:\/\/www.caq.edu.ec\/de\/wp-json\/wp\/v2\/users\/6"}],"replies":[{"embeddable":true,"href":"https:\/\/www.caq.edu.ec\/de\/wp-json\/wp\/v2\/comments?post=60861"}],"version-history":[{"count":1,"href":"https:\/\/www.caq.edu.ec\/de\/wp-json\/wp\/v2\/posts\/60861\/revisions"}],"predecessor-version":[{"id":64258,"href":"https:\/\/www.caq.edu.ec\/de\/wp-json\/wp\/v2\/posts\/60861\/revisions\/64258"}],"wp:attachment":[{"href":"https:\/\/www.caq.edu.ec\/de\/wp-json\/wp\/v2\/media?parent=60861"}],"wp:term":[{"taxonomy":"category","embeddable":true,"href":"https:\/\/www.caq.edu.ec\/de\/wp-json\/wp\/v2\/categories?post=60861"},{"taxonomy":"post_tag","embeddable":true,"href":"https:\/\/www.caq.edu.ec\/de\/wp-json\/wp\/v2\/tags?post=60861"}],"curies":[{"name":"wp","href":"https:\/\/api.w.org\/{rel}","templated":true}]}}