{"id":60858,"date":"2022-10-12T23:29:11","date_gmt":"2022-10-12T23:29:11","guid":{"rendered":"https:\/\/www.caq.edu.ec\/erfolgreiche-teilnahmen-an-der-ecuadorianischen-mathematik-olympiade\/"},"modified":"2024-08-30T09:08:55","modified_gmt":"2024-08-30T14:08:55","slug":"erfolgreiche-teilnahmen-an-der-ecuadorianischen-mathematik-olympiade","status":"publish","type":"post","link":"https:\/\/www.caq.edu.ec\/de\/erfolgreiche-teilnahmen-an-der-ecuadorianischen-mathematik-olympiade\/","title":{"rendered":"Erfolgreiche Teilnahmen an der ecuadorianischen Mathematik-Olympiade"},"content":{"rendered":"<p>Im Schuljahr 2021\/22 haben zwei Sch\u00fcler der Deutschen Schule Quito mit gro\u00dfem Erfolg an der XVII. ecuadorianischen Mathematik-Olympiade teilgenommen. Diese Mathematik-Olympiade wird j\u00e4hrlich von der Ecuadorianischen mathematischen Gesellschaft (SEdeM) organisiert und ist der renomierteste mathematische Sch\u00fclerwettbewerb Ecuadors. Mehr als 1.000 Sch\u00fclerinnen und Sch\u00fcler nehmen an diesem Wettbewerb teil.<\/p>\n<p><strong>Francesca Hadweh<\/strong> (aktuell in der 12. Klasse der Deutschen Schule) und <strong>David C\u00e1rdenas<\/strong> (Abitur 2022) haben mit gro\u00dfem Erfolg an der Mathematik-Olympiade teilgenommen und je eine Bronzemedaille gewonnen. Die Preisverleihung fand am 01.10. im feierlichen Rahmen in der Universit\u00e4t San Francisco de Quito statt.<\/p>\n<p>Die Deutsche Schule gratuliert den beiden Gewinnern zu Ihren tollen Erfolgen!<\/p>\n<p>&nbsp;<\/p>\n<p><img fetchpriority=\"high\" decoding=\"async\" class=\"alignnone size-full wp-image-56436\" src=\"https:\/\/www.caq.edu.ec\/wp-content\/uploads\/2022\/10\/Olimpiada.png\" alt=\"\" width=\"800\" height=\"378\" \/><\/p>\n","protected":false},"excerpt":{"rendered":"<p>Im Schuljahr 2021\/22 haben zwei Sch\u00fcler der Deutschen Schule Quito mit gro\u00dfem Erfolg an der XVII. ecuadorianischen Mathematik-Olympiade teilgenommen. Diese Mathematik-Olympiade wird j\u00e4hrlich von der Ecuadorianischen mathematischen Gesellschaft (SEdeM) organisiert und ist der renomierteste mathematische Sch\u00fclerwettbewerb Ecuadors. Mehr als 1.000 Sch\u00fclerinnen und Sch\u00fcler nehmen an diesem Wettbewerb teil. Francesca Hadweh (aktuell in der 12. Klasse [&hellip;]<\/p>\n","protected":false},"author":6,"featured_media":0,"comment_status":"closed","ping_status":"closed","sticky":false,"template":"","format":"standard","meta":{"footnotes":""},"categories":[36],"tags":[],"class_list":["post-60858","post","type-post","status-publish","format-standard","hentry","category-nachrichten"],"yoast_head":"<!-- This site is optimized with the Yoast SEO plugin v27.4 - https:\/\/yoast.com\/product\/yoast-seo-wordpress\/ -->\n<title>Erfolgreiche Teilnahmen an der ecuadorianischen Mathematik-Olympiade - Colegio Alem\u00e1n Quito<\/title>\n<meta name=\"robots\" content=\"index, follow, max-snippet:-1, max-image-preview:large, max-video-preview:-1\" \/>\n<link rel=\"canonical\" href=\"https:\/\/www.caq.edu.ec\/de\/erfolgreiche-teilnahmen-an-der-ecuadorianischen-mathematik-olympiade\/\" \/>\n<meta property=\"og:locale\" content=\"de_DE\" \/>\n<meta property=\"og:type\" content=\"article\" \/>\n<meta property=\"og:title\" content=\"Erfolgreiche Teilnahmen an der ecuadorianischen Mathematik-Olympiade - Colegio Alem\u00e1n Quito\" \/>\n<meta property=\"og:description\" content=\"Im Schuljahr 2021\/22 haben zwei Sch\u00fcler der Deutschen Schule Quito mit gro\u00dfem Erfolg an der XVII. ecuadorianischen Mathematik-Olympiade teilgenommen. Diese Mathematik-Olympiade wird j\u00e4hrlich von der Ecuadorianischen mathematischen Gesellschaft (SEdeM) organisiert und ist der renomierteste mathematische Sch\u00fclerwettbewerb Ecuadors. Mehr als 1.000 Sch\u00fclerinnen und Sch\u00fcler nehmen an diesem Wettbewerb teil. Francesca Hadweh (aktuell in der 12. Klasse [&hellip;]\" \/>\n<meta property=\"og:url\" content=\"https:\/\/www.caq.edu.ec\/de\/erfolgreiche-teilnahmen-an-der-ecuadorianischen-mathematik-olympiade\/\" \/>\n<meta property=\"og:site_name\" content=\"Colegio Alem\u00e1n Quito\" \/>\n<meta property=\"article:published_time\" content=\"2022-10-12T23:29:11+00:00\" \/>\n<meta property=\"article:modified_time\" content=\"2024-08-30T14:08:55+00:00\" \/>\n<meta property=\"og:image\" content=\"https:\/\/www.caq.edu.ec\/wp-content\/uploads\/2022\/10\/Olimpiada.png\" \/>\n<meta name=\"author\" content=\"c@qmi19\" \/>\n<meta name=\"twitter:card\" content=\"summary_large_image\" \/>\n<meta name=\"twitter:label1\" content=\"Verfasst von\" \/>\n\t<meta name=\"twitter:data1\" content=\"c@qmi19\" \/>\n\t<meta name=\"twitter:label2\" content=\"Gesch\u00e4tzte Lesezeit\" \/>\n\t<meta name=\"twitter:data2\" content=\"1\u00a0Minute\" \/>\n<script type=\"application\/ld+json\" class=\"yoast-schema-graph\">{\"@context\":\"https:\\\/\\\/schema.org\",\"@graph\":[{\"@type\":\"Article\",\"@id\":\"https:\\\/\\\/www.caq.edu.ec\\\/de\\\/erfolgreiche-teilnahmen-an-der-ecuadorianischen-mathematik-olympiade\\\/#article\",\"isPartOf\":{\"@id\":\"https:\\\/\\\/www.caq.edu.ec\\\/de\\\/erfolgreiche-teilnahmen-an-der-ecuadorianischen-mathematik-olympiade\\\/\"},\"author\":{\"name\":\"c@qmi19\",\"@id\":\"https:\\\/\\\/www.caq.edu.ec\\\/#\\\/schema\\\/person\\\/b5cf8ed3732fd280f58ddb05e68713c5\"},\"headline\":\"Erfolgreiche Teilnahmen an der ecuadorianischen Mathematik-Olympiade\",\"datePublished\":\"2022-10-12T23:29:11+00:00\",\"dateModified\":\"2024-08-30T14:08:55+00:00\",\"mainEntityOfPage\":{\"@id\":\"https:\\\/\\\/www.caq.edu.ec\\\/de\\\/erfolgreiche-teilnahmen-an-der-ecuadorianischen-mathematik-olympiade\\\/\"},\"wordCount\":114,\"image\":{\"@id\":\"https:\\\/\\\/www.caq.edu.ec\\\/de\\\/erfolgreiche-teilnahmen-an-der-ecuadorianischen-mathematik-olympiade\\\/#primaryimage\"},\"thumbnailUrl\":\"https:\\\/\\\/www.caq.edu.ec\\\/wp-content\\\/uploads\\\/2022\\\/10\\\/Olimpiada.png\",\"articleSection\":[\"Nachrichten\"],\"inLanguage\":\"de\"},{\"@type\":\"WebPage\",\"@id\":\"https:\\\/\\\/www.caq.edu.ec\\\/de\\\/erfolgreiche-teilnahmen-an-der-ecuadorianischen-mathematik-olympiade\\\/\",\"url\":\"https:\\\/\\\/www.caq.edu.ec\\\/de\\\/erfolgreiche-teilnahmen-an-der-ecuadorianischen-mathematik-olympiade\\\/\",\"name\":\"Erfolgreiche Teilnahmen an der ecuadorianischen Mathematik-Olympiade - Colegio Alem\u00e1n Quito\",\"isPartOf\":{\"@id\":\"https:\\\/\\\/www.caq.edu.ec\\\/#website\"},\"primaryImageOfPage\":{\"@id\":\"https:\\\/\\\/www.caq.edu.ec\\\/de\\\/erfolgreiche-teilnahmen-an-der-ecuadorianischen-mathematik-olympiade\\\/#primaryimage\"},\"image\":{\"@id\":\"https:\\\/\\\/www.caq.edu.ec\\\/de\\\/erfolgreiche-teilnahmen-an-der-ecuadorianischen-mathematik-olympiade\\\/#primaryimage\"},\"thumbnailUrl\":\"https:\\\/\\\/www.caq.edu.ec\\\/wp-content\\\/uploads\\\/2022\\\/10\\\/Olimpiada.png\",\"datePublished\":\"2022-10-12T23:29:11+00:00\",\"dateModified\":\"2024-08-30T14:08:55+00:00\",\"author\":{\"@id\":\"https:\\\/\\\/www.caq.edu.ec\\\/#\\\/schema\\\/person\\\/b5cf8ed3732fd280f58ddb05e68713c5\"},\"breadcrumb\":{\"@id\":\"https:\\\/\\\/www.caq.edu.ec\\\/de\\\/erfolgreiche-teilnahmen-an-der-ecuadorianischen-mathematik-olympiade\\\/#breadcrumb\"},\"inLanguage\":\"de\",\"potentialAction\":[{\"@type\":\"ReadAction\",\"target\":[\"https:\\\/\\\/www.caq.edu.ec\\\/de\\\/erfolgreiche-teilnahmen-an-der-ecuadorianischen-mathematik-olympiade\\\/\"]}]},{\"@type\":\"ImageObject\",\"inLanguage\":\"de\",\"@id\":\"https:\\\/\\\/www.caq.edu.ec\\\/de\\\/erfolgreiche-teilnahmen-an-der-ecuadorianischen-mathematik-olympiade\\\/#primaryimage\",\"url\":\"https:\\\/\\\/www.caq.edu.ec\\\/wp-content\\\/uploads\\\/2022\\\/10\\\/Olimpiada.png\",\"contentUrl\":\"https:\\\/\\\/www.caq.edu.ec\\\/wp-content\\\/uploads\\\/2022\\\/10\\\/Olimpiada.png\"},{\"@type\":\"BreadcrumbList\",\"@id\":\"https:\\\/\\\/www.caq.edu.ec\\\/de\\\/erfolgreiche-teilnahmen-an-der-ecuadorianischen-mathematik-olympiade\\\/#breadcrumb\",\"itemListElement\":[{\"@type\":\"ListItem\",\"position\":1,\"name\":\"Inicio\",\"item\":\"https:\\\/\\\/www.caq.edu.ec\\\/\"},{\"@type\":\"ListItem\",\"position\":2,\"name\":\"Nachrichten\",\"item\":\"https:\\\/\\\/www.caq.edu.ec\\\/de\\\/category\\\/nachrichten\\\/\"},{\"@type\":\"ListItem\",\"position\":3,\"name\":\"Erfolgreiche Teilnahmen an der ecuadorianischen Mathematik-Olympiade\"}]},{\"@type\":\"WebSite\",\"@id\":\"https:\\\/\\\/www.caq.edu.ec\\\/#website\",\"url\":\"https:\\\/\\\/www.caq.edu.ec\\\/\",\"name\":\"Colegio Alem\u00e1n Quito\",\"description\":\"Una puerta al mundo\",\"potentialAction\":[{\"@type\":\"SearchAction\",\"target\":{\"@type\":\"EntryPoint\",\"urlTemplate\":\"https:\\\/\\\/www.caq.edu.ec\\\/?s={search_term_string}\"},\"query-input\":{\"@type\":\"PropertyValueSpecification\",\"valueRequired\":true,\"valueName\":\"search_term_string\"}}],\"inLanguage\":\"de\"},{\"@type\":\"Person\",\"@id\":\"https:\\\/\\\/www.caq.edu.ec\\\/#\\\/schema\\\/person\\\/b5cf8ed3732fd280f58ddb05e68713c5\",\"name\":\"c@qmi19\",\"image\":{\"@type\":\"ImageObject\",\"inLanguage\":\"de\",\"@id\":\"https:\\\/\\\/secure.gravatar.com\\\/avatar\\\/6e6ce3a6a7a823e369373d95fd82a74034a6c18fe625ff3b7aecb034961c6f96?s=96&d=mm&r=g\",\"url\":\"https:\\\/\\\/secure.gravatar.com\\\/avatar\\\/6e6ce3a6a7a823e369373d95fd82a74034a6c18fe625ff3b7aecb034961c6f96?s=96&d=mm&r=g\",\"contentUrl\":\"https:\\\/\\\/secure.gravatar.com\\\/avatar\\\/6e6ce3a6a7a823e369373d95fd82a74034a6c18fe625ff3b7aecb034961c6f96?s=96&d=mm&r=g\",\"caption\":\"c@qmi19\"},\"url\":\"https:\\\/\\\/www.caq.edu.ec\\\/de\\\/author\\\/cqmi19\\\/\"}]}<\/script>\n<!-- \/ Yoast SEO plugin. -->","yoast_head_json":{"title":"Erfolgreiche Teilnahmen an der ecuadorianischen Mathematik-Olympiade - Colegio Alem\u00e1n Quito","robots":{"index":"index","follow":"follow","max-snippet":"max-snippet:-1","max-image-preview":"max-image-preview:large","max-video-preview":"max-video-preview:-1"},"canonical":"https:\/\/www.caq.edu.ec\/de\/erfolgreiche-teilnahmen-an-der-ecuadorianischen-mathematik-olympiade\/","og_locale":"de_DE","og_type":"article","og_title":"Erfolgreiche Teilnahmen an der ecuadorianischen Mathematik-Olympiade - Colegio Alem\u00e1n Quito","og_description":"Im Schuljahr 2021\/22 haben zwei Sch\u00fcler der Deutschen Schule Quito mit gro\u00dfem Erfolg an der XVII. ecuadorianischen Mathematik-Olympiade teilgenommen. Diese Mathematik-Olympiade wird j\u00e4hrlich von der Ecuadorianischen mathematischen Gesellschaft (SEdeM) organisiert und ist der renomierteste mathematische Sch\u00fclerwettbewerb Ecuadors. Mehr als 1.000 Sch\u00fclerinnen und Sch\u00fcler nehmen an diesem Wettbewerb teil. Francesca Hadweh (aktuell in der 12. Klasse [&hellip;]","og_url":"https:\/\/www.caq.edu.ec\/de\/erfolgreiche-teilnahmen-an-der-ecuadorianischen-mathematik-olympiade\/","og_site_name":"Colegio Alem\u00e1n Quito","article_published_time":"2022-10-12T23:29:11+00:00","article_modified_time":"2024-08-30T14:08:55+00:00","og_image":[{"url":"https:\/\/www.caq.edu.ec\/wp-content\/uploads\/2022\/10\/Olimpiada.png","type":"","width":"","height":""}],"author":"c@qmi19","twitter_card":"summary_large_image","twitter_misc":{"Verfasst von":"c@qmi19","Gesch\u00e4tzte Lesezeit":"1\u00a0Minute"},"schema":{"@context":"https:\/\/schema.org","@graph":[{"@type":"Article","@id":"https:\/\/www.caq.edu.ec\/de\/erfolgreiche-teilnahmen-an-der-ecuadorianischen-mathematik-olympiade\/#article","isPartOf":{"@id":"https:\/\/www.caq.edu.ec\/de\/erfolgreiche-teilnahmen-an-der-ecuadorianischen-mathematik-olympiade\/"},"author":{"name":"c@qmi19","@id":"https:\/\/www.caq.edu.ec\/#\/schema\/person\/b5cf8ed3732fd280f58ddb05e68713c5"},"headline":"Erfolgreiche Teilnahmen an der ecuadorianischen Mathematik-Olympiade","datePublished":"2022-10-12T23:29:11+00:00","dateModified":"2024-08-30T14:08:55+00:00","mainEntityOfPage":{"@id":"https:\/\/www.caq.edu.ec\/de\/erfolgreiche-teilnahmen-an-der-ecuadorianischen-mathematik-olympiade\/"},"wordCount":114,"image":{"@id":"https:\/\/www.caq.edu.ec\/de\/erfolgreiche-teilnahmen-an-der-ecuadorianischen-mathematik-olympiade\/#primaryimage"},"thumbnailUrl":"https:\/\/www.caq.edu.ec\/wp-content\/uploads\/2022\/10\/Olimpiada.png","articleSection":["Nachrichten"],"inLanguage":"de"},{"@type":"WebPage","@id":"https:\/\/www.caq.edu.ec\/de\/erfolgreiche-teilnahmen-an-der-ecuadorianischen-mathematik-olympiade\/","url":"https:\/\/www.caq.edu.ec\/de\/erfolgreiche-teilnahmen-an-der-ecuadorianischen-mathematik-olympiade\/","name":"Erfolgreiche Teilnahmen an der ecuadorianischen Mathematik-Olympiade - Colegio Alem\u00e1n Quito","isPartOf":{"@id":"https:\/\/www.caq.edu.ec\/#website"},"primaryImageOfPage":{"@id":"https:\/\/www.caq.edu.ec\/de\/erfolgreiche-teilnahmen-an-der-ecuadorianischen-mathematik-olympiade\/#primaryimage"},"image":{"@id":"https:\/\/www.caq.edu.ec\/de\/erfolgreiche-teilnahmen-an-der-ecuadorianischen-mathematik-olympiade\/#primaryimage"},"thumbnailUrl":"https:\/\/www.caq.edu.ec\/wp-content\/uploads\/2022\/10\/Olimpiada.png","datePublished":"2022-10-12T23:29:11+00:00","dateModified":"2024-08-30T14:08:55+00:00","author":{"@id":"https:\/\/www.caq.edu.ec\/#\/schema\/person\/b5cf8ed3732fd280f58ddb05e68713c5"},"breadcrumb":{"@id":"https:\/\/www.caq.edu.ec\/de\/erfolgreiche-teilnahmen-an-der-ecuadorianischen-mathematik-olympiade\/#breadcrumb"},"inLanguage":"de","potentialAction":[{"@type":"ReadAction","target":["https:\/\/www.caq.edu.ec\/de\/erfolgreiche-teilnahmen-an-der-ecuadorianischen-mathematik-olympiade\/"]}]},{"@type":"ImageObject","inLanguage":"de","@id":"https:\/\/www.caq.edu.ec\/de\/erfolgreiche-teilnahmen-an-der-ecuadorianischen-mathematik-olympiade\/#primaryimage","url":"https:\/\/www.caq.edu.ec\/wp-content\/uploads\/2022\/10\/Olimpiada.png","contentUrl":"https:\/\/www.caq.edu.ec\/wp-content\/uploads\/2022\/10\/Olimpiada.png"},{"@type":"BreadcrumbList","@id":"https:\/\/www.caq.edu.ec\/de\/erfolgreiche-teilnahmen-an-der-ecuadorianischen-mathematik-olympiade\/#breadcrumb","itemListElement":[{"@type":"ListItem","position":1,"name":"Inicio","item":"https:\/\/www.caq.edu.ec\/"},{"@type":"ListItem","position":2,"name":"Nachrichten","item":"https:\/\/www.caq.edu.ec\/de\/category\/nachrichten\/"},{"@type":"ListItem","position":3,"name":"Erfolgreiche Teilnahmen an der ecuadorianischen Mathematik-Olympiade"}]},{"@type":"WebSite","@id":"https:\/\/www.caq.edu.ec\/#website","url":"https:\/\/www.caq.edu.ec\/","name":"Colegio Alem\u00e1n Quito","description":"Una puerta al mundo","potentialAction":[{"@type":"SearchAction","target":{"@type":"EntryPoint","urlTemplate":"https:\/\/www.caq.edu.ec\/?s={search_term_string}"},"query-input":{"@type":"PropertyValueSpecification","valueRequired":true,"valueName":"search_term_string"}}],"inLanguage":"de"},{"@type":"Person","@id":"https:\/\/www.caq.edu.ec\/#\/schema\/person\/b5cf8ed3732fd280f58ddb05e68713c5","name":"c@qmi19","image":{"@type":"ImageObject","inLanguage":"de","@id":"https:\/\/secure.gravatar.com\/avatar\/6e6ce3a6a7a823e369373d95fd82a74034a6c18fe625ff3b7aecb034961c6f96?s=96&d=mm&r=g","url":"https:\/\/secure.gravatar.com\/avatar\/6e6ce3a6a7a823e369373d95fd82a74034a6c18fe625ff3b7aecb034961c6f96?s=96&d=mm&r=g","contentUrl":"https:\/\/secure.gravatar.com\/avatar\/6e6ce3a6a7a823e369373d95fd82a74034a6c18fe625ff3b7aecb034961c6f96?s=96&d=mm&r=g","caption":"c@qmi19"},"url":"https:\/\/www.caq.edu.ec\/de\/author\/cqmi19\/"}]}},"_links":{"self":[{"href":"https:\/\/www.caq.edu.ec\/de\/wp-json\/wp\/v2\/posts\/60858","targetHints":{"allow":["GET"]}}],"collection":[{"href":"https:\/\/www.caq.edu.ec\/de\/wp-json\/wp\/v2\/posts"}],"about":[{"href":"https:\/\/www.caq.edu.ec\/de\/wp-json\/wp\/v2\/types\/post"}],"author":[{"embeddable":true,"href":"https:\/\/www.caq.edu.ec\/de\/wp-json\/wp\/v2\/users\/6"}],"replies":[{"embeddable":true,"href":"https:\/\/www.caq.edu.ec\/de\/wp-json\/wp\/v2\/comments?post=60858"}],"version-history":[{"count":1,"href":"https:\/\/www.caq.edu.ec\/de\/wp-json\/wp\/v2\/posts\/60858\/revisions"}],"predecessor-version":[{"id":64260,"href":"https:\/\/www.caq.edu.ec\/de\/wp-json\/wp\/v2\/posts\/60858\/revisions\/64260"}],"wp:attachment":[{"href":"https:\/\/www.caq.edu.ec\/de\/wp-json\/wp\/v2\/media?parent=60858"}],"wp:term":[{"taxonomy":"category","embeddable":true,"href":"https:\/\/www.caq.edu.ec\/de\/wp-json\/wp\/v2\/categories?post=60858"},{"taxonomy":"post_tag","embeddable":true,"href":"https:\/\/www.caq.edu.ec\/de\/wp-json\/wp\/v2\/tags?post=60858"}],"curies":[{"name":"wp","href":"https:\/\/api.w.org\/{rel}","templated":true}]}}