{"id":60857,"date":"2022-09-30T14:16:39","date_gmt":"2022-09-30T14:16:39","guid":{"rendered":"https:\/\/www.caq.edu.ec\/jugend-debattiert-ecuador-2022-quitos-einzug-ins-suedamerikafinale\/"},"modified":"2024-08-30T09:08:55","modified_gmt":"2024-08-30T14:08:55","slug":"jugend-debattiert-ecuador-2022-quitos-einzug-ins-suedamerikafinale","status":"publish","type":"post","link":"https:\/\/www.caq.edu.ec\/de\/jugend-debattiert-ecuador-2022-quitos-einzug-ins-suedamerikafinale\/","title":{"rendered":"Jugend debattiert Ecuador 2022 &#8211; Quitos Einzug ins S\u00fcdamerikafinale"},"content":{"rendered":"<p>Am 26.09.2022 war es wieder so weit. Die vier besten Teilnehmer der Deutschen Schule Quito machten sich mit ihren Betreuern, Gesche Johannknecht und Carina Butz, auf den Weg nach Guayaquil, wo der diesj\u00e4hrige Landeswettbewerb zu \u201eJugend debattiert\u201c vom 27.09. bis 28.09.2022 stattfand.<\/p>\n<p>Nach intensiver Vorbereitung waren Mar\u00eda Clara Boada Torres, Isabela Garcia Reyes, Alejandro Palacios Vallecillo und Jos\u00e9 Gonzalez Andrade bestens gewappnet, um gegen die jeweils vier Vertreter aus Cuenca und Guayaquil anzutreten.<\/p>\n<p>Zwei Tage lang lieferten sich die Sch\u00fcler und Sch\u00fclerinnen zu Fragen wie \u201eSollen Schulen grunds\u00e4tzlich video\u00fcberwacht werden?\u201c oder \u201eSoll die staatliche \u00d6lf\u00f6rderung im Amazonasgebiet ausgeweitet werden?\u201c heftigste Wortgefechte und \u00fcberzeugten dabei mit jeder Menge Sachkenntnis, Gespr\u00e4chsf\u00e4higkeit und Ausdrucksverm\u00f6gen.<\/p>\n<p>Begl\u00fcckw\u00fcnschen m\u00f6chten wir die beiden Sieger des Wettbewerbs, Alenka Pita aus Guayaquil und Jos\u00e9 Gonzalez Andrade aus Quito. Beide werden Ende Oktober am \u201eJugend debattiert\u201c S\u00fcdamerikafinale in Quito teilnehmen.<\/p>\n<p>Zudem m\u00f6chte sich die Deutsche Schule Quito bei den Kollegen und Kolleginnen der Deutschen Humboldtschule Guayaquil f\u00fcr zwei unvergessliche Tage bedanken, bei denen es nicht nur zu einem Lernzuwachs kam, sondern auch Freundschaften geschlossen wurden.<\/p>\n<p>F\u00fcr das S\u00fcdamerikafinale w\u00fcnschen wir den beiden Finalisten aus Ecuador viel Erfolg!<\/p>\n\n<p>&nbsp;<\/p>\n<p>&nbsp;<\/p>\n","protected":false},"excerpt":{"rendered":"<p>Am 26.09.2022 war es wieder so weit. Die vier besten Teilnehmer der Deutschen Schule Quito machten sich mit ihren Betreuern, Gesche Johannknecht und Carina Butz, auf den Weg nach Guayaquil, wo der diesj\u00e4hrige Landeswettbewerb zu \u201eJugend debattiert\u201c vom 27.09. bis 28.09.2022 stattfand. Nach intensiver Vorbereitung waren Mar\u00eda Clara Boada Torres, Isabela Garcia Reyes, Alejandro Palacios [&hellip;]<\/p>\n","protected":false},"author":6,"featured_media":0,"comment_status":"closed","ping_status":"closed","sticky":false,"template":"","format":"standard","meta":{"footnotes":""},"categories":[36],"tags":[],"class_list":["post-60857","post","type-post","status-publish","format-standard","hentry","category-nachrichten"],"yoast_head":"<!-- This site is optimized with the Yoast SEO plugin v27.4 - https:\/\/yoast.com\/product\/yoast-seo-wordpress\/ -->\n<title>Jugend debattiert Ecuador 2022 - Quitos Einzug ins S\u00fcdamerikafinale - Colegio Alem\u00e1n Quito<\/title>\n<meta name=\"robots\" content=\"index, follow, max-snippet:-1, max-image-preview:large, max-video-preview:-1\" \/>\n<link rel=\"canonical\" href=\"https:\/\/www.caq.edu.ec\/de\/jugend-debattiert-ecuador-2022-quitos-einzug-ins-suedamerikafinale\/\" \/>\n<meta property=\"og:locale\" content=\"de_DE\" \/>\n<meta property=\"og:type\" content=\"article\" \/>\n<meta property=\"og:title\" content=\"Jugend debattiert Ecuador 2022 - Quitos Einzug ins S\u00fcdamerikafinale - Colegio Alem\u00e1n Quito\" \/>\n<meta property=\"og:description\" content=\"Am 26.09.2022 war es wieder so weit. Die vier besten Teilnehmer der Deutschen Schule Quito machten sich mit ihren Betreuern, Gesche Johannknecht und Carina Butz, auf den Weg nach Guayaquil, wo der diesj\u00e4hrige Landeswettbewerb zu \u201eJugend debattiert\u201c vom 27.09. bis 28.09.2022 stattfand. Nach intensiver Vorbereitung waren Mar\u00eda Clara Boada Torres, Isabela Garcia Reyes, Alejandro Palacios [&hellip;]\" \/>\n<meta property=\"og:url\" content=\"https:\/\/www.caq.edu.ec\/de\/jugend-debattiert-ecuador-2022-quitos-einzug-ins-suedamerikafinale\/\" \/>\n<meta property=\"og:site_name\" content=\"Colegio Alem\u00e1n Quito\" \/>\n<meta property=\"article:published_time\" content=\"2022-09-30T14:16:39+00:00\" \/>\n<meta property=\"article:modified_time\" content=\"2024-08-30T14:08:55+00:00\" \/>\n<meta name=\"author\" content=\"c@qmi19\" \/>\n<meta name=\"twitter:card\" content=\"summary_large_image\" \/>\n<meta name=\"twitter:label1\" content=\"Verfasst von\" \/>\n\t<meta name=\"twitter:data1\" content=\"c@qmi19\" \/>\n\t<meta name=\"twitter:label2\" content=\"Gesch\u00e4tzte Lesezeit\" \/>\n\t<meta name=\"twitter:data2\" content=\"2\u00a0Minuten\" \/>\n<script type=\"application\/ld+json\" class=\"yoast-schema-graph\">{\"@context\":\"https:\\\/\\\/schema.org\",\"@graph\":[{\"@type\":\"Article\",\"@id\":\"https:\\\/\\\/www.caq.edu.ec\\\/de\\\/jugend-debattiert-ecuador-2022-quitos-einzug-ins-suedamerikafinale\\\/#article\",\"isPartOf\":{\"@id\":\"https:\\\/\\\/www.caq.edu.ec\\\/de\\\/jugend-debattiert-ecuador-2022-quitos-einzug-ins-suedamerikafinale\\\/\"},\"author\":{\"name\":\"c@qmi19\",\"@id\":\"https:\\\/\\\/www.caq.edu.ec\\\/#\\\/schema\\\/person\\\/b5cf8ed3732fd280f58ddb05e68713c5\"},\"headline\":\"Jugend debattiert Ecuador 2022 &#8211; Quitos Einzug ins S\u00fcdamerikafinale\",\"datePublished\":\"2022-09-30T14:16:39+00:00\",\"dateModified\":\"2024-08-30T14:08:55+00:00\",\"mainEntityOfPage\":{\"@id\":\"https:\\\/\\\/www.caq.edu.ec\\\/de\\\/jugend-debattiert-ecuador-2022-quitos-einzug-ins-suedamerikafinale\\\/\"},\"wordCount\":311,\"articleSection\":[\"Nachrichten\"],\"inLanguage\":\"de\"},{\"@type\":\"WebPage\",\"@id\":\"https:\\\/\\\/www.caq.edu.ec\\\/de\\\/jugend-debattiert-ecuador-2022-quitos-einzug-ins-suedamerikafinale\\\/\",\"url\":\"https:\\\/\\\/www.caq.edu.ec\\\/de\\\/jugend-debattiert-ecuador-2022-quitos-einzug-ins-suedamerikafinale\\\/\",\"name\":\"Jugend debattiert Ecuador 2022 - Quitos Einzug ins S\u00fcdamerikafinale - Colegio Alem\u00e1n Quito\",\"isPartOf\":{\"@id\":\"https:\\\/\\\/www.caq.edu.ec\\\/#website\"},\"datePublished\":\"2022-09-30T14:16:39+00:00\",\"dateModified\":\"2024-08-30T14:08:55+00:00\",\"author\":{\"@id\":\"https:\\\/\\\/www.caq.edu.ec\\\/#\\\/schema\\\/person\\\/b5cf8ed3732fd280f58ddb05e68713c5\"},\"breadcrumb\":{\"@id\":\"https:\\\/\\\/www.caq.edu.ec\\\/de\\\/jugend-debattiert-ecuador-2022-quitos-einzug-ins-suedamerikafinale\\\/#breadcrumb\"},\"inLanguage\":\"de\",\"potentialAction\":[{\"@type\":\"ReadAction\",\"target\":[\"https:\\\/\\\/www.caq.edu.ec\\\/de\\\/jugend-debattiert-ecuador-2022-quitos-einzug-ins-suedamerikafinale\\\/\"]}]},{\"@type\":\"BreadcrumbList\",\"@id\":\"https:\\\/\\\/www.caq.edu.ec\\\/de\\\/jugend-debattiert-ecuador-2022-quitos-einzug-ins-suedamerikafinale\\\/#breadcrumb\",\"itemListElement\":[{\"@type\":\"ListItem\",\"position\":1,\"name\":\"Inicio\",\"item\":\"https:\\\/\\\/www.caq.edu.ec\\\/\"},{\"@type\":\"ListItem\",\"position\":2,\"name\":\"Nachrichten\",\"item\":\"https:\\\/\\\/www.caq.edu.ec\\\/de\\\/category\\\/nachrichten\\\/\"},{\"@type\":\"ListItem\",\"position\":3,\"name\":\"Jugend debattiert Ecuador 2022 &#8211; Quitos Einzug ins S\u00fcdamerikafinale\"}]},{\"@type\":\"WebSite\",\"@id\":\"https:\\\/\\\/www.caq.edu.ec\\\/#website\",\"url\":\"https:\\\/\\\/www.caq.edu.ec\\\/\",\"name\":\"Colegio Alem\u00e1n Quito\",\"description\":\"Una puerta al mundo\",\"potentialAction\":[{\"@type\":\"SearchAction\",\"target\":{\"@type\":\"EntryPoint\",\"urlTemplate\":\"https:\\\/\\\/www.caq.edu.ec\\\/?s={search_term_string}\"},\"query-input\":{\"@type\":\"PropertyValueSpecification\",\"valueRequired\":true,\"valueName\":\"search_term_string\"}}],\"inLanguage\":\"de\"},{\"@type\":\"Person\",\"@id\":\"https:\\\/\\\/www.caq.edu.ec\\\/#\\\/schema\\\/person\\\/b5cf8ed3732fd280f58ddb05e68713c5\",\"name\":\"c@qmi19\",\"image\":{\"@type\":\"ImageObject\",\"inLanguage\":\"de\",\"@id\":\"https:\\\/\\\/secure.gravatar.com\\\/avatar\\\/6e6ce3a6a7a823e369373d95fd82a74034a6c18fe625ff3b7aecb034961c6f96?s=96&d=mm&r=g\",\"url\":\"https:\\\/\\\/secure.gravatar.com\\\/avatar\\\/6e6ce3a6a7a823e369373d95fd82a74034a6c18fe625ff3b7aecb034961c6f96?s=96&d=mm&r=g\",\"contentUrl\":\"https:\\\/\\\/secure.gravatar.com\\\/avatar\\\/6e6ce3a6a7a823e369373d95fd82a74034a6c18fe625ff3b7aecb034961c6f96?s=96&d=mm&r=g\",\"caption\":\"c@qmi19\"},\"url\":\"https:\\\/\\\/www.caq.edu.ec\\\/de\\\/author\\\/cqmi19\\\/\"}]}<\/script>\n<!-- \/ Yoast SEO plugin. -->","yoast_head_json":{"title":"Jugend debattiert Ecuador 2022 - Quitos Einzug ins S\u00fcdamerikafinale - Colegio Alem\u00e1n Quito","robots":{"index":"index","follow":"follow","max-snippet":"max-snippet:-1","max-image-preview":"max-image-preview:large","max-video-preview":"max-video-preview:-1"},"canonical":"https:\/\/www.caq.edu.ec\/de\/jugend-debattiert-ecuador-2022-quitos-einzug-ins-suedamerikafinale\/","og_locale":"de_DE","og_type":"article","og_title":"Jugend debattiert Ecuador 2022 - Quitos Einzug ins S\u00fcdamerikafinale - Colegio Alem\u00e1n Quito","og_description":"Am 26.09.2022 war es wieder so weit. Die vier besten Teilnehmer der Deutschen Schule Quito machten sich mit ihren Betreuern, Gesche Johannknecht und Carina Butz, auf den Weg nach Guayaquil, wo der diesj\u00e4hrige Landeswettbewerb zu \u201eJugend debattiert\u201c vom 27.09. bis 28.09.2022 stattfand. Nach intensiver Vorbereitung waren Mar\u00eda Clara Boada Torres, Isabela Garcia Reyes, Alejandro Palacios [&hellip;]","og_url":"https:\/\/www.caq.edu.ec\/de\/jugend-debattiert-ecuador-2022-quitos-einzug-ins-suedamerikafinale\/","og_site_name":"Colegio Alem\u00e1n Quito","article_published_time":"2022-09-30T14:16:39+00:00","article_modified_time":"2024-08-30T14:08:55+00:00","author":"c@qmi19","twitter_card":"summary_large_image","twitter_misc":{"Verfasst von":"c@qmi19","Gesch\u00e4tzte Lesezeit":"2\u00a0Minuten"},"schema":{"@context":"https:\/\/schema.org","@graph":[{"@type":"Article","@id":"https:\/\/www.caq.edu.ec\/de\/jugend-debattiert-ecuador-2022-quitos-einzug-ins-suedamerikafinale\/#article","isPartOf":{"@id":"https:\/\/www.caq.edu.ec\/de\/jugend-debattiert-ecuador-2022-quitos-einzug-ins-suedamerikafinale\/"},"author":{"name":"c@qmi19","@id":"https:\/\/www.caq.edu.ec\/#\/schema\/person\/b5cf8ed3732fd280f58ddb05e68713c5"},"headline":"Jugend debattiert Ecuador 2022 &#8211; Quitos Einzug ins S\u00fcdamerikafinale","datePublished":"2022-09-30T14:16:39+00:00","dateModified":"2024-08-30T14:08:55+00:00","mainEntityOfPage":{"@id":"https:\/\/www.caq.edu.ec\/de\/jugend-debattiert-ecuador-2022-quitos-einzug-ins-suedamerikafinale\/"},"wordCount":311,"articleSection":["Nachrichten"],"inLanguage":"de"},{"@type":"WebPage","@id":"https:\/\/www.caq.edu.ec\/de\/jugend-debattiert-ecuador-2022-quitos-einzug-ins-suedamerikafinale\/","url":"https:\/\/www.caq.edu.ec\/de\/jugend-debattiert-ecuador-2022-quitos-einzug-ins-suedamerikafinale\/","name":"Jugend debattiert Ecuador 2022 - Quitos Einzug ins S\u00fcdamerikafinale - Colegio Alem\u00e1n Quito","isPartOf":{"@id":"https:\/\/www.caq.edu.ec\/#website"},"datePublished":"2022-09-30T14:16:39+00:00","dateModified":"2024-08-30T14:08:55+00:00","author":{"@id":"https:\/\/www.caq.edu.ec\/#\/schema\/person\/b5cf8ed3732fd280f58ddb05e68713c5"},"breadcrumb":{"@id":"https:\/\/www.caq.edu.ec\/de\/jugend-debattiert-ecuador-2022-quitos-einzug-ins-suedamerikafinale\/#breadcrumb"},"inLanguage":"de","potentialAction":[{"@type":"ReadAction","target":["https:\/\/www.caq.edu.ec\/de\/jugend-debattiert-ecuador-2022-quitos-einzug-ins-suedamerikafinale\/"]}]},{"@type":"BreadcrumbList","@id":"https:\/\/www.caq.edu.ec\/de\/jugend-debattiert-ecuador-2022-quitos-einzug-ins-suedamerikafinale\/#breadcrumb","itemListElement":[{"@type":"ListItem","position":1,"name":"Inicio","item":"https:\/\/www.caq.edu.ec\/"},{"@type":"ListItem","position":2,"name":"Nachrichten","item":"https:\/\/www.caq.edu.ec\/de\/category\/nachrichten\/"},{"@type":"ListItem","position":3,"name":"Jugend debattiert Ecuador 2022 &#8211; Quitos Einzug ins S\u00fcdamerikafinale"}]},{"@type":"WebSite","@id":"https:\/\/www.caq.edu.ec\/#website","url":"https:\/\/www.caq.edu.ec\/","name":"Colegio Alem\u00e1n Quito","description":"Una puerta al mundo","potentialAction":[{"@type":"SearchAction","target":{"@type":"EntryPoint","urlTemplate":"https:\/\/www.caq.edu.ec\/?s={search_term_string}"},"query-input":{"@type":"PropertyValueSpecification","valueRequired":true,"valueName":"search_term_string"}}],"inLanguage":"de"},{"@type":"Person","@id":"https:\/\/www.caq.edu.ec\/#\/schema\/person\/b5cf8ed3732fd280f58ddb05e68713c5","name":"c@qmi19","image":{"@type":"ImageObject","inLanguage":"de","@id":"https:\/\/secure.gravatar.com\/avatar\/6e6ce3a6a7a823e369373d95fd82a74034a6c18fe625ff3b7aecb034961c6f96?s=96&d=mm&r=g","url":"https:\/\/secure.gravatar.com\/avatar\/6e6ce3a6a7a823e369373d95fd82a74034a6c18fe625ff3b7aecb034961c6f96?s=96&d=mm&r=g","contentUrl":"https:\/\/secure.gravatar.com\/avatar\/6e6ce3a6a7a823e369373d95fd82a74034a6c18fe625ff3b7aecb034961c6f96?s=96&d=mm&r=g","caption":"c@qmi19"},"url":"https:\/\/www.caq.edu.ec\/de\/author\/cqmi19\/"}]}},"_links":{"self":[{"href":"https:\/\/www.caq.edu.ec\/de\/wp-json\/wp\/v2\/posts\/60857","targetHints":{"allow":["GET"]}}],"collection":[{"href":"https:\/\/www.caq.edu.ec\/de\/wp-json\/wp\/v2\/posts"}],"about":[{"href":"https:\/\/www.caq.edu.ec\/de\/wp-json\/wp\/v2\/types\/post"}],"author":[{"embeddable":true,"href":"https:\/\/www.caq.edu.ec\/de\/wp-json\/wp\/v2\/users\/6"}],"replies":[{"embeddable":true,"href":"https:\/\/www.caq.edu.ec\/de\/wp-json\/wp\/v2\/comments?post=60857"}],"version-history":[{"count":1,"href":"https:\/\/www.caq.edu.ec\/de\/wp-json\/wp\/v2\/posts\/60857\/revisions"}],"predecessor-version":[{"id":64262,"href":"https:\/\/www.caq.edu.ec\/de\/wp-json\/wp\/v2\/posts\/60857\/revisions\/64262"}],"wp:attachment":[{"href":"https:\/\/www.caq.edu.ec\/de\/wp-json\/wp\/v2\/media?parent=60857"}],"wp:term":[{"taxonomy":"category","embeddable":true,"href":"https:\/\/www.caq.edu.ec\/de\/wp-json\/wp\/v2\/categories?post=60857"},{"taxonomy":"post_tag","embeddable":true,"href":"https:\/\/www.caq.edu.ec\/de\/wp-json\/wp\/v2\/tags?post=60857"}],"curies":[{"name":"wp","href":"https:\/\/api.w.org\/{rel}","templated":true}]}}