{"id":60855,"date":"2022-09-27T21:45:37","date_gmt":"2022-09-27T21:45:37","guid":{"rendered":"https:\/\/www.caq.edu.ec\/tag-der-fahne-und-staatsbuergerliches-versprechen-2\/"},"modified":"2024-08-30T09:08:55","modified_gmt":"2024-08-30T14:08:55","slug":"tag-der-fahne-und-staatsbuergerliches-versprechen-2","status":"publish","type":"post","link":"https:\/\/www.caq.edu.ec\/de\/tag-der-fahne-und-staatsbuergerliches-versprechen-2\/","title":{"rendered":"Tag der Fahne und staatsb\u00fcrgerliches Versprechen"},"content":{"rendered":"<header class=\"entry-header\">Am 26. September veranstaltete fand die Zeremonie zum Tag der Fahne\u00a0 und das staatsb\u00fcrgerliche Versprechen statt. Die Sch\u00fclerinnen und Sch\u00fcler der 12. Klassen mit den besten Durchschnitten wurden entsprechend geehrt.<\/p>\n<p>Die DSQ begl\u00fcckw\u00fcnscht alle Fahnentr\u00e4ger und Begleiter des Jahrgangs 2022-2023 zu ihren schulischen Leistungen und dankt den Klassen 12 A und B f\u00fcr die Vorbereitung und Pr\u00e4sentation des Programms an diesem Tag.<\/p>\n<\/header>\n<div>\n\n<\/div>\n<div class=\"x_elementToProof\">\n<table class=\"x_MsoTableGrid\" style=\"height: 1524px;\" width=\"801\">\n<tbody>\n<tr>\n<td valign=\"top\" width=\"208\">\n<p class=\"x_MsoBodyText2\" align=\"center\"><b><span lang=\"ES\">Designaci\u00f3n<\/span><\/b><\/p>\n<\/td>\n<td valign=\"top\" width=\"312\">\n<p class=\"x_MsoBodyText2\" align=\"center\"><b><span lang=\"ES\">Nombre del\/la estudiante<\/span><\/b><\/p>\n<\/td>\n<\/tr>\n<tr>\n<td valign=\"top\" width=\"208\">\n<p class=\"x_MsoBodyText2\" align=\"center\"><b><span lang=\"ES\">ABANDERADO DEL PABELL\u00d3N NACIONAL\u00a0<\/span><\/b><\/p>\n<\/td>\n<td valign=\"top\" width=\"312\">\n<p class=\"x_MsoBodyText2\" align=\"center\"><b><span lang=\"ES\">HADWEH ALTEET, FRANCESCA SHERYN\u00a0<\/span><\/b><\/p>\n<\/td>\n<\/tr>\n<tr>\n<td valign=\"top\" width=\"208\">\n<p class=\"x_MsoBodyText2\" align=\"center\"><span lang=\"ES\">1er ESCOLTA DEL PABELL\u00d3N NACIONAL\u00a0<\/span><\/p>\n<\/td>\n<td valign=\"top\" width=\"312\">\n<p class=\"x_MsoBodyText2\" align=\"center\"><span lang=\"ES\">NYFFELER CISNEROS, NUA\u00a0<\/span><\/p>\n<\/td>\n<\/tr>\n<tr>\n<td valign=\"top\" width=\"208\">\n<p class=\"x_MsoBodyText2\" align=\"center\"><span lang=\"ES\">2do ESCOLTA DEL PABELL\u00d3N NACIONAL\u00a0<\/span><\/p>\n<\/td>\n<td valign=\"top\" width=\"312\">\n<p class=\"x_MsoBodyText2\" align=\"center\"><span lang=\"ES\">ALTAMIRANO VALENCIA, ANDREA ISABEL\u00a0<\/span><\/p>\n<\/td>\n<\/tr>\n<tr>\n<td valign=\"top\" width=\"208\">\n<p class=\"x_MsoBodyText2\" align=\"center\"><b><span lang=\"ES\">PORTAESTANDARTE CIUDAD DE QUITO\u00a0<\/span><\/b><\/p>\n<\/td>\n<td valign=\"top\" width=\"312\">\n<p class=\"x_MsoBodyText2\" align=\"center\"><b><span lang=\"ES\">SCHAUER LENORE, MARIANNE ELISABETH\u00a0<\/span><\/b><\/p>\n<\/td>\n<\/tr>\n<tr>\n<td valign=\"top\" width=\"208\">\n<p class=\"x_MsoBodyText2\" align=\"center\"><span lang=\"ES\">1er ESCOLTA DEL ESTANDARTE DE LA CIUDAD\u00a0<\/span><\/p>\n<\/td>\n<td valign=\"top\" width=\"312\">\n<p class=\"x_MsoBodyText2\" align=\"center\"><span lang=\"ES\">SALCEDO ESTRELLA, AMY\u00a0<\/span><\/p>\n<\/td>\n<\/tr>\n<tr>\n<td valign=\"top\" width=\"208\">\n<p class=\"x_MsoBodyText2\" align=\"center\"><span lang=\"ES\">2do ESCOLTA DEL ESTANDARTE DE LA CIUDAD\u00a0<\/span><\/p>\n<\/td>\n<td valign=\"top\" width=\"312\">\n<p class=\"x_MsoBodyText2\" align=\"center\"><span lang=\"ES\">NARANJO GRIJALVA, LEONARDO JOS\u00c9\u00a0<\/span><\/p>\n<\/td>\n<\/tr>\n<tr>\n<td valign=\"top\" width=\"208\">\n<p class=\"x_MsoBodyText2\" align=\"center\"><b><span lang=\"ES\">PORTAESTANDARTE DEL PLANTEL\u00a0<\/span><\/b><\/p>\n<\/td>\n<td valign=\"top\" width=\"312\">\n<p class=\"x_MsoBodyText2\" align=\"center\"><b><span lang=\"ES\">BECKMANN ADAMIKOVA, SAMIRA GABRIELA\u00a0<\/span><\/b><\/p>\n<\/td>\n<\/tr>\n<tr>\n<td valign=\"top\" width=\"208\">\n<p class=\"x_MsoBodyText2\" align=\"center\"><span lang=\"ES\">1er ESCOLTA DEL ESTANDARTE DEL PLANTEL\u00a0<\/span><\/p>\n<\/td>\n<td valign=\"top\" width=\"312\">\n<p class=\"x_MsoBodyText2\" align=\"center\"><span lang=\"ES\">RUDOLPH, JULIA SOPHIA\u00a0<\/span><\/p>\n<\/td>\n<\/tr>\n<tr>\n<td valign=\"top\" width=\"208\">\n<p class=\"x_MsoBodyText2\" align=\"center\"><span lang=\"ES\">2do ESCOLTA DEL ESTANDARTE DEL PLANTEL\u00a0<\/span><\/p>\n<\/td>\n<td valign=\"top\" width=\"312\">\n<p class=\"x_MsoBodyText2\" align=\"center\"><span lang=\"ES\">BARCIA GUILL\u00c9N, MIGUEL ANGEL\u00a0<\/span><\/p>\n<\/td>\n<\/tr>\n<tr>\n<td valign=\"top\" width=\"208\">\n<p class=\"x_MsoBodyText2\" align=\"center\"><b><span lang=\"ES\">PORTAESTANDARTE DE ALEMANIA\u00a0<\/span><\/b><\/p>\n<\/td>\n<td valign=\"top\" width=\"312\">\n<p class=\"x_MsoBodyText2\" align=\"center\"><b><span lang=\"ES\">PL\u00daA TRUJILLO, ESTEBAN GABRIEL\u00a0<\/span><\/b><\/p>\n<\/td>\n<\/tr>\n<tr>\n<td valign=\"top\" width=\"208\">\n<p class=\"x_MsoBodyText2\" align=\"center\"><span lang=\"ES\">1er ESCOLTA DE ALEMANIA\u00a0<\/span><\/p>\n<\/td>\n<td valign=\"top\" width=\"312\">\n<p class=\"x_MsoBodyText2\" align=\"center\"><span lang=\"ES\">INTRIAGO V\u00c9LEZ, IV\u00c1N ALEJANDRO\u00a0<\/span><\/p>\n<\/td>\n<\/tr>\n<tr>\n<td valign=\"top\" width=\"208\">\n<p class=\"x_MsoBodyText2\" align=\"center\"><span lang=\"ES\">2do ESCOLTA DE ALEMANIA\u00a0<\/span><\/p>\n<\/td>\n<td valign=\"top\" width=\"312\">\n<p class=\"x_MsoBodyText2\" align=\"center\"><span lang=\"ES\">CALBET\u00d3 VILLAG\u00d3MEZ, MAR\u00cdA EULALIA\u00a0<\/span><\/p>\n<\/td>\n<\/tr>\n<tr>\n<td rowspan=\"2\" valign=\"top\" width=\"208\">\n<p class=\"x_MsoBodyText2\" align=\"center\"><b><span lang=\"ES\">PORTAESTANDARTE UNI\u00d3N EUROPEA\u00a0<\/span><\/b><\/p>\n<\/td>\n<td valign=\"top\" width=\"312\">\n<p class=\"x_MsoBodyText2\" align=\"center\"><b><span lang=\"ES\">LAGLA MAR\u00cdN, MATTEO JULIAN\u00a0<\/span><\/b><\/p>\n<\/td>\n<\/tr>\n<tr>\n<td valign=\"top\" width=\"312\">\n<p class=\"x_MsoBodyText2\" align=\"center\"><b><span lang=\"ES\">GONZ\u00c1LEZ ANDRADE, JOS\u00c9 ALEJANDRO\u00a0<\/span><\/b><\/p>\n<\/td>\n<\/tr>\n<tr>\n<td valign=\"top\" width=\"208\">\n<p class=\"x_MsoBodyText2\" align=\"center\"><span lang=\"ES\">1er ESCOLTA UNI\u00d3N EUROPEA\u00a0<\/span><\/p>\n<\/td>\n<td valign=\"top\" width=\"312\">\n<p class=\"x_MsoBodyText2\" align=\"center\"><span lang=\"ES\">ABDO HERVAS, MAR\u00cdA VICTORIA\u00a0<\/span><\/p>\n<\/td>\n<\/tr>\n<tr>\n<td valign=\"top\" width=\"208\">\n<p class=\"x_MsoBodyText2\" align=\"center\"><span lang=\"ES\">2do ESCOLTA UNI\u00d3N EUROPEA\u00a0<\/span><\/p>\n<\/td>\n<td valign=\"top\" width=\"312\">\n<p class=\"x_MsoBodyText2\" align=\"center\"><span lang=\"ES\">MERA HERN\u00c1NDEZ, HAYDEE MICAELA\u00a0<\/span><\/p>\n<\/td>\n<\/tr>\n<\/tbody>\n<\/table>\n<\/div>\n","protected":false},"excerpt":{"rendered":"<p>Am 26. September veranstaltete fand die Zeremonie zum Tag der Fahne\u00a0 und das staatsb\u00fcrgerliche Versprechen statt. Die Sch\u00fclerinnen und Sch\u00fcler der 12. Klassen mit den besten Durchschnitten wurden entsprechend geehrt. Die DSQ begl\u00fcckw\u00fcnscht alle Fahnentr\u00e4ger und Begleiter des Jahrgangs 2022-2023 zu ihren schulischen Leistungen und dankt den Klassen 12 A und B f\u00fcr die Vorbereitung [&hellip;]<\/p>\n","protected":false},"author":6,"featured_media":0,"comment_status":"closed","ping_status":"closed","sticky":false,"template":"","format":"standard","meta":{"footnotes":""},"categories":[36],"tags":[],"class_list":["post-60855","post","type-post","status-publish","format-standard","hentry","category-nachrichten"],"yoast_head":"<!-- This site is optimized with the Yoast SEO plugin v27.5 - https:\/\/yoast.com\/product\/yoast-seo-wordpress\/ -->\n<title>Tag der Fahne und staatsb\u00fcrgerliches Versprechen - Colegio Alem\u00e1n Quito<\/title>\n<meta name=\"robots\" content=\"index, follow, max-snippet:-1, max-image-preview:large, max-video-preview:-1\" \/>\n<link rel=\"canonical\" href=\"https:\/\/www.caq.edu.ec\/de\/tag-der-fahne-und-staatsbuergerliches-versprechen-2\/\" \/>\n<meta property=\"og:locale\" content=\"de_DE\" \/>\n<meta property=\"og:type\" content=\"article\" \/>\n<meta property=\"og:title\" content=\"Tag der Fahne und staatsb\u00fcrgerliches Versprechen - Colegio Alem\u00e1n Quito\" \/>\n<meta property=\"og:description\" content=\"Am 26. September veranstaltete fand die Zeremonie zum Tag der Fahne\u00a0 und das staatsb\u00fcrgerliche Versprechen statt. Die Sch\u00fclerinnen und Sch\u00fcler der 12. Klassen mit den besten Durchschnitten wurden entsprechend geehrt. Die DSQ begl\u00fcckw\u00fcnscht alle Fahnentr\u00e4ger und Begleiter des Jahrgangs 2022-2023 zu ihren schulischen Leistungen und dankt den Klassen 12 A und B f\u00fcr die Vorbereitung [&hellip;]\" \/>\n<meta property=\"og:url\" content=\"https:\/\/www.caq.edu.ec\/de\/tag-der-fahne-und-staatsbuergerliches-versprechen-2\/\" \/>\n<meta property=\"og:site_name\" content=\"Colegio Alem\u00e1n Quito\" \/>\n<meta property=\"article:published_time\" content=\"2022-09-27T21:45:37+00:00\" \/>\n<meta property=\"article:modified_time\" content=\"2024-08-30T14:08:55+00:00\" \/>\n<meta name=\"author\" content=\"c@qmi19\" \/>\n<meta name=\"twitter:card\" content=\"summary_large_image\" \/>\n<meta name=\"twitter:label1\" content=\"Verfasst von\" \/>\n\t<meta name=\"twitter:data1\" content=\"c@qmi19\" \/>\n\t<meta name=\"twitter:label2\" content=\"Gesch\u00e4tzte Lesezeit\" \/>\n\t<meta name=\"twitter:data2\" content=\"2\u00a0Minuten\" \/>\n<script type=\"application\/ld+json\" class=\"yoast-schema-graph\">{\"@context\":\"https:\\\/\\\/schema.org\",\"@graph\":[{\"@type\":\"Article\",\"@id\":\"https:\\\/\\\/www.caq.edu.ec\\\/de\\\/tag-der-fahne-und-staatsbuergerliches-versprechen-2\\\/#article\",\"isPartOf\":{\"@id\":\"https:\\\/\\\/www.caq.edu.ec\\\/de\\\/tag-der-fahne-und-staatsbuergerliches-versprechen-2\\\/\"},\"author\":{\"name\":\"c@qmi19\",\"@id\":\"https:\\\/\\\/www.caq.edu.ec\\\/#\\\/schema\\\/person\\\/b5cf8ed3732fd280f58ddb05e68713c5\"},\"headline\":\"Tag der Fahne und staatsb\u00fcrgerliches Versprechen\",\"datePublished\":\"2022-09-27T21:45:37+00:00\",\"dateModified\":\"2024-08-30T14:08:55+00:00\",\"mainEntityOfPage\":{\"@id\":\"https:\\\/\\\/www.caq.edu.ec\\\/de\\\/tag-der-fahne-und-staatsbuergerliches-versprechen-2\\\/\"},\"wordCount\":314,\"articleSection\":[\"Nachrichten\"],\"inLanguage\":\"de\"},{\"@type\":\"WebPage\",\"@id\":\"https:\\\/\\\/www.caq.edu.ec\\\/de\\\/tag-der-fahne-und-staatsbuergerliches-versprechen-2\\\/\",\"url\":\"https:\\\/\\\/www.caq.edu.ec\\\/de\\\/tag-der-fahne-und-staatsbuergerliches-versprechen-2\\\/\",\"name\":\"Tag der Fahne und staatsb\u00fcrgerliches Versprechen - Colegio Alem\u00e1n Quito\",\"isPartOf\":{\"@id\":\"https:\\\/\\\/www.caq.edu.ec\\\/#website\"},\"datePublished\":\"2022-09-27T21:45:37+00:00\",\"dateModified\":\"2024-08-30T14:08:55+00:00\",\"author\":{\"@id\":\"https:\\\/\\\/www.caq.edu.ec\\\/#\\\/schema\\\/person\\\/b5cf8ed3732fd280f58ddb05e68713c5\"},\"breadcrumb\":{\"@id\":\"https:\\\/\\\/www.caq.edu.ec\\\/de\\\/tag-der-fahne-und-staatsbuergerliches-versprechen-2\\\/#breadcrumb\"},\"inLanguage\":\"de\",\"potentialAction\":[{\"@type\":\"ReadAction\",\"target\":[\"https:\\\/\\\/www.caq.edu.ec\\\/de\\\/tag-der-fahne-und-staatsbuergerliches-versprechen-2\\\/\"]}]},{\"@type\":\"BreadcrumbList\",\"@id\":\"https:\\\/\\\/www.caq.edu.ec\\\/de\\\/tag-der-fahne-und-staatsbuergerliches-versprechen-2\\\/#breadcrumb\",\"itemListElement\":[{\"@type\":\"ListItem\",\"position\":1,\"name\":\"Inicio\",\"item\":\"https:\\\/\\\/www.caq.edu.ec\\\/\"},{\"@type\":\"ListItem\",\"position\":2,\"name\":\"Nachrichten\",\"item\":\"https:\\\/\\\/www.caq.edu.ec\\\/de\\\/category\\\/nachrichten\\\/\"},{\"@type\":\"ListItem\",\"position\":3,\"name\":\"Tag der Fahne und staatsb\u00fcrgerliches Versprechen\"}]},{\"@type\":\"WebSite\",\"@id\":\"https:\\\/\\\/www.caq.edu.ec\\\/#website\",\"url\":\"https:\\\/\\\/www.caq.edu.ec\\\/\",\"name\":\"Colegio Alem\u00e1n Quito\",\"description\":\"Una puerta al mundo\",\"potentialAction\":[{\"@type\":\"SearchAction\",\"target\":{\"@type\":\"EntryPoint\",\"urlTemplate\":\"https:\\\/\\\/www.caq.edu.ec\\\/?s={search_term_string}\"},\"query-input\":{\"@type\":\"PropertyValueSpecification\",\"valueRequired\":true,\"valueName\":\"search_term_string\"}}],\"inLanguage\":\"de\"},{\"@type\":\"Person\",\"@id\":\"https:\\\/\\\/www.caq.edu.ec\\\/#\\\/schema\\\/person\\\/b5cf8ed3732fd280f58ddb05e68713c5\",\"name\":\"c@qmi19\",\"image\":{\"@type\":\"ImageObject\",\"inLanguage\":\"de\",\"@id\":\"https:\\\/\\\/secure.gravatar.com\\\/avatar\\\/6e6ce3a6a7a823e369373d95fd82a74034a6c18fe625ff3b7aecb034961c6f96?s=96&d=mm&r=g\",\"url\":\"https:\\\/\\\/secure.gravatar.com\\\/avatar\\\/6e6ce3a6a7a823e369373d95fd82a74034a6c18fe625ff3b7aecb034961c6f96?s=96&d=mm&r=g\",\"contentUrl\":\"https:\\\/\\\/secure.gravatar.com\\\/avatar\\\/6e6ce3a6a7a823e369373d95fd82a74034a6c18fe625ff3b7aecb034961c6f96?s=96&d=mm&r=g\",\"caption\":\"c@qmi19\"},\"url\":\"https:\\\/\\\/www.caq.edu.ec\\\/de\\\/author\\\/cqmi19\\\/\"}]}<\/script>\n<!-- \/ Yoast SEO plugin. -->","yoast_head_json":{"title":"Tag der Fahne und staatsb\u00fcrgerliches Versprechen - Colegio Alem\u00e1n Quito","robots":{"index":"index","follow":"follow","max-snippet":"max-snippet:-1","max-image-preview":"max-image-preview:large","max-video-preview":"max-video-preview:-1"},"canonical":"https:\/\/www.caq.edu.ec\/de\/tag-der-fahne-und-staatsbuergerliches-versprechen-2\/","og_locale":"de_DE","og_type":"article","og_title":"Tag der Fahne und staatsb\u00fcrgerliches Versprechen - Colegio Alem\u00e1n Quito","og_description":"Am 26. September veranstaltete fand die Zeremonie zum Tag der Fahne\u00a0 und das staatsb\u00fcrgerliche Versprechen statt. Die Sch\u00fclerinnen und Sch\u00fcler der 12. Klassen mit den besten Durchschnitten wurden entsprechend geehrt. Die DSQ begl\u00fcckw\u00fcnscht alle Fahnentr\u00e4ger und Begleiter des Jahrgangs 2022-2023 zu ihren schulischen Leistungen und dankt den Klassen 12 A und B f\u00fcr die Vorbereitung [&hellip;]","og_url":"https:\/\/www.caq.edu.ec\/de\/tag-der-fahne-und-staatsbuergerliches-versprechen-2\/","og_site_name":"Colegio Alem\u00e1n Quito","article_published_time":"2022-09-27T21:45:37+00:00","article_modified_time":"2024-08-30T14:08:55+00:00","author":"c@qmi19","twitter_card":"summary_large_image","twitter_misc":{"Verfasst von":"c@qmi19","Gesch\u00e4tzte Lesezeit":"2\u00a0Minuten"},"schema":{"@context":"https:\/\/schema.org","@graph":[{"@type":"Article","@id":"https:\/\/www.caq.edu.ec\/de\/tag-der-fahne-und-staatsbuergerliches-versprechen-2\/#article","isPartOf":{"@id":"https:\/\/www.caq.edu.ec\/de\/tag-der-fahne-und-staatsbuergerliches-versprechen-2\/"},"author":{"name":"c@qmi19","@id":"https:\/\/www.caq.edu.ec\/#\/schema\/person\/b5cf8ed3732fd280f58ddb05e68713c5"},"headline":"Tag der Fahne und staatsb\u00fcrgerliches Versprechen","datePublished":"2022-09-27T21:45:37+00:00","dateModified":"2024-08-30T14:08:55+00:00","mainEntityOfPage":{"@id":"https:\/\/www.caq.edu.ec\/de\/tag-der-fahne-und-staatsbuergerliches-versprechen-2\/"},"wordCount":314,"articleSection":["Nachrichten"],"inLanguage":"de"},{"@type":"WebPage","@id":"https:\/\/www.caq.edu.ec\/de\/tag-der-fahne-und-staatsbuergerliches-versprechen-2\/","url":"https:\/\/www.caq.edu.ec\/de\/tag-der-fahne-und-staatsbuergerliches-versprechen-2\/","name":"Tag der Fahne und staatsb\u00fcrgerliches Versprechen - Colegio Alem\u00e1n Quito","isPartOf":{"@id":"https:\/\/www.caq.edu.ec\/#website"},"datePublished":"2022-09-27T21:45:37+00:00","dateModified":"2024-08-30T14:08:55+00:00","author":{"@id":"https:\/\/www.caq.edu.ec\/#\/schema\/person\/b5cf8ed3732fd280f58ddb05e68713c5"},"breadcrumb":{"@id":"https:\/\/www.caq.edu.ec\/de\/tag-der-fahne-und-staatsbuergerliches-versprechen-2\/#breadcrumb"},"inLanguage":"de","potentialAction":[{"@type":"ReadAction","target":["https:\/\/www.caq.edu.ec\/de\/tag-der-fahne-und-staatsbuergerliches-versprechen-2\/"]}]},{"@type":"BreadcrumbList","@id":"https:\/\/www.caq.edu.ec\/de\/tag-der-fahne-und-staatsbuergerliches-versprechen-2\/#breadcrumb","itemListElement":[{"@type":"ListItem","position":1,"name":"Inicio","item":"https:\/\/www.caq.edu.ec\/"},{"@type":"ListItem","position":2,"name":"Nachrichten","item":"https:\/\/www.caq.edu.ec\/de\/category\/nachrichten\/"},{"@type":"ListItem","position":3,"name":"Tag der Fahne und staatsb\u00fcrgerliches Versprechen"}]},{"@type":"WebSite","@id":"https:\/\/www.caq.edu.ec\/#website","url":"https:\/\/www.caq.edu.ec\/","name":"Colegio Alem\u00e1n Quito","description":"Una puerta al mundo","potentialAction":[{"@type":"SearchAction","target":{"@type":"EntryPoint","urlTemplate":"https:\/\/www.caq.edu.ec\/?s={search_term_string}"},"query-input":{"@type":"PropertyValueSpecification","valueRequired":true,"valueName":"search_term_string"}}],"inLanguage":"de"},{"@type":"Person","@id":"https:\/\/www.caq.edu.ec\/#\/schema\/person\/b5cf8ed3732fd280f58ddb05e68713c5","name":"c@qmi19","image":{"@type":"ImageObject","inLanguage":"de","@id":"https:\/\/secure.gravatar.com\/avatar\/6e6ce3a6a7a823e369373d95fd82a74034a6c18fe625ff3b7aecb034961c6f96?s=96&d=mm&r=g","url":"https:\/\/secure.gravatar.com\/avatar\/6e6ce3a6a7a823e369373d95fd82a74034a6c18fe625ff3b7aecb034961c6f96?s=96&d=mm&r=g","contentUrl":"https:\/\/secure.gravatar.com\/avatar\/6e6ce3a6a7a823e369373d95fd82a74034a6c18fe625ff3b7aecb034961c6f96?s=96&d=mm&r=g","caption":"c@qmi19"},"url":"https:\/\/www.caq.edu.ec\/de\/author\/cqmi19\/"}]}},"_links":{"self":[{"href":"https:\/\/www.caq.edu.ec\/de\/wp-json\/wp\/v2\/posts\/60855","targetHints":{"allow":["GET"]}}],"collection":[{"href":"https:\/\/www.caq.edu.ec\/de\/wp-json\/wp\/v2\/posts"}],"about":[{"href":"https:\/\/www.caq.edu.ec\/de\/wp-json\/wp\/v2\/types\/post"}],"author":[{"embeddable":true,"href":"https:\/\/www.caq.edu.ec\/de\/wp-json\/wp\/v2\/users\/6"}],"replies":[{"embeddable":true,"href":"https:\/\/www.caq.edu.ec\/de\/wp-json\/wp\/v2\/comments?post=60855"}],"version-history":[{"count":1,"href":"https:\/\/www.caq.edu.ec\/de\/wp-json\/wp\/v2\/posts\/60855\/revisions"}],"predecessor-version":[{"id":64264,"href":"https:\/\/www.caq.edu.ec\/de\/wp-json\/wp\/v2\/posts\/60855\/revisions\/64264"}],"wp:attachment":[{"href":"https:\/\/www.caq.edu.ec\/de\/wp-json\/wp\/v2\/media?parent=60855"}],"wp:term":[{"taxonomy":"category","embeddable":true,"href":"https:\/\/www.caq.edu.ec\/de\/wp-json\/wp\/v2\/categories?post=60855"},{"taxonomy":"post_tag","embeddable":true,"href":"https:\/\/www.caq.edu.ec\/de\/wp-json\/wp\/v2\/tags?post=60855"}],"curies":[{"name":"wp","href":"https:\/\/api.w.org\/{rel}","templated":true}]}}