{"id":60852,"date":"2022-09-09T16:41:06","date_gmt":"2022-09-09T16:41:06","guid":{"rendered":"https:\/\/www.caq.edu.ec\/willkommen-an-der-dsq\/"},"modified":"2024-08-30T09:08:55","modified_gmt":"2024-08-30T14:08:55","slug":"willkommen-an-der-dsq","status":"publish","type":"post","link":"https:\/\/www.caq.edu.ec\/de\/willkommen-an-der-dsq\/","title":{"rendered":"Willkommen an der DSQ!"},"content":{"rendered":"<p>Am Dienstag, den 6. September, begr\u00fc\u00dften wir die j\u00fcngsten Sch\u00fcler der DSQ, unsere Inicial-Kinder. Der Schulleiter, Dr. J\u00fcrgen Haist, die Leiterin des Kindergartens, Karin Zurbriggen, und die stellvertretende Leiterin, Diana Andrade, hie\u00dfen die Kinder und Eltern herzlich willkommen.<\/p>\n<p>Anschlie\u00dfend f\u00fchrten die Erziehrinnen ein Theaterst\u00fcck auf, das sie liebevoll vorbereitet hatten. Schlie\u00dflich lernten die Kinder in Begleitung ihrer Eltern ihre Klassenr\u00e4ume kennen.<\/p>\n<p>Willkommen an der Deutschen Schule!<\/p>\n\n<p>&nbsp;<\/p>\n","protected":false},"excerpt":{"rendered":"<p>Am Dienstag, den 6. September, begr\u00fc\u00dften wir die j\u00fcngsten Sch\u00fcler der DSQ, unsere Inicial-Kinder. Der Schulleiter, Dr. J\u00fcrgen Haist, die Leiterin des Kindergartens, Karin Zurbriggen, und die stellvertretende Leiterin, Diana Andrade, hie\u00dfen die Kinder und Eltern herzlich willkommen. Anschlie\u00dfend f\u00fchrten die Erziehrinnen ein Theaterst\u00fcck auf, das sie liebevoll vorbereitet hatten. Schlie\u00dflich lernten die Kinder in [&hellip;]<\/p>\n","protected":false},"author":6,"featured_media":0,"comment_status":"closed","ping_status":"closed","sticky":false,"template":"","format":"standard","meta":{"footnotes":""},"categories":[36],"tags":[],"class_list":["post-60852","post","type-post","status-publish","format-standard","hentry","category-nachrichten"],"yoast_head":"<!-- This site is optimized with the Yoast SEO plugin v27.5 - https:\/\/yoast.com\/product\/yoast-seo-wordpress\/ -->\n<title>Willkommen an der DSQ! - Colegio Alem\u00e1n Quito<\/title>\n<meta name=\"robots\" content=\"index, follow, max-snippet:-1, max-image-preview:large, max-video-preview:-1\" \/>\n<link rel=\"canonical\" href=\"https:\/\/www.caq.edu.ec\/de\/willkommen-an-der-dsq\/\" \/>\n<meta property=\"og:locale\" content=\"de_DE\" \/>\n<meta property=\"og:type\" content=\"article\" \/>\n<meta property=\"og:title\" content=\"Willkommen an der DSQ! - Colegio Alem\u00e1n Quito\" \/>\n<meta property=\"og:description\" content=\"Am Dienstag, den 6. September, begr\u00fc\u00dften wir die j\u00fcngsten Sch\u00fcler der DSQ, unsere Inicial-Kinder. Der Schulleiter, Dr. J\u00fcrgen Haist, die Leiterin des Kindergartens, Karin Zurbriggen, und die stellvertretende Leiterin, Diana Andrade, hie\u00dfen die Kinder und Eltern herzlich willkommen. Anschlie\u00dfend f\u00fchrten die Erziehrinnen ein Theaterst\u00fcck auf, das sie liebevoll vorbereitet hatten. Schlie\u00dflich lernten die Kinder in [&hellip;]\" \/>\n<meta property=\"og:url\" content=\"https:\/\/www.caq.edu.ec\/de\/willkommen-an-der-dsq\/\" \/>\n<meta property=\"og:site_name\" content=\"Colegio Alem\u00e1n Quito\" \/>\n<meta property=\"article:published_time\" content=\"2022-09-09T16:41:06+00:00\" \/>\n<meta property=\"article:modified_time\" content=\"2024-08-30T14:08:55+00:00\" \/>\n<meta name=\"author\" content=\"c@qmi19\" \/>\n<meta name=\"twitter:card\" content=\"summary_large_image\" \/>\n<meta name=\"twitter:label1\" content=\"Verfasst von\" \/>\n\t<meta name=\"twitter:data1\" content=\"c@qmi19\" \/>\n\t<meta name=\"twitter:label2\" content=\"Gesch\u00e4tzte Lesezeit\" \/>\n\t<meta name=\"twitter:data2\" content=\"2\u00a0Minuten\" \/>\n<script type=\"application\/ld+json\" class=\"yoast-schema-graph\">{\"@context\":\"https:\\\/\\\/schema.org\",\"@graph\":[{\"@type\":\"Article\",\"@id\":\"https:\\\/\\\/www.caq.edu.ec\\\/de\\\/willkommen-an-der-dsq\\\/#article\",\"isPartOf\":{\"@id\":\"https:\\\/\\\/www.caq.edu.ec\\\/de\\\/willkommen-an-der-dsq\\\/\"},\"author\":{\"name\":\"c@qmi19\",\"@id\":\"https:\\\/\\\/www.caq.edu.ec\\\/#\\\/schema\\\/person\\\/b5cf8ed3732fd280f58ddb05e68713c5\"},\"headline\":\"Willkommen an der DSQ!\",\"datePublished\":\"2022-09-09T16:41:06+00:00\",\"dateModified\":\"2024-08-30T14:08:55+00:00\",\"mainEntityOfPage\":{\"@id\":\"https:\\\/\\\/www.caq.edu.ec\\\/de\\\/willkommen-an-der-dsq\\\/\"},\"wordCount\":384,\"articleSection\":[\"Nachrichten\"],\"inLanguage\":\"de\"},{\"@type\":\"WebPage\",\"@id\":\"https:\\\/\\\/www.caq.edu.ec\\\/de\\\/willkommen-an-der-dsq\\\/\",\"url\":\"https:\\\/\\\/www.caq.edu.ec\\\/de\\\/willkommen-an-der-dsq\\\/\",\"name\":\"Willkommen an der DSQ! - Colegio Alem\u00e1n Quito\",\"isPartOf\":{\"@id\":\"https:\\\/\\\/www.caq.edu.ec\\\/#website\"},\"datePublished\":\"2022-09-09T16:41:06+00:00\",\"dateModified\":\"2024-08-30T14:08:55+00:00\",\"author\":{\"@id\":\"https:\\\/\\\/www.caq.edu.ec\\\/#\\\/schema\\\/person\\\/b5cf8ed3732fd280f58ddb05e68713c5\"},\"breadcrumb\":{\"@id\":\"https:\\\/\\\/www.caq.edu.ec\\\/de\\\/willkommen-an-der-dsq\\\/#breadcrumb\"},\"inLanguage\":\"de\",\"potentialAction\":[{\"@type\":\"ReadAction\",\"target\":[\"https:\\\/\\\/www.caq.edu.ec\\\/de\\\/willkommen-an-der-dsq\\\/\"]}]},{\"@type\":\"BreadcrumbList\",\"@id\":\"https:\\\/\\\/www.caq.edu.ec\\\/de\\\/willkommen-an-der-dsq\\\/#breadcrumb\",\"itemListElement\":[{\"@type\":\"ListItem\",\"position\":1,\"name\":\"Inicio\",\"item\":\"https:\\\/\\\/www.caq.edu.ec\\\/\"},{\"@type\":\"ListItem\",\"position\":2,\"name\":\"Nachrichten\",\"item\":\"https:\\\/\\\/www.caq.edu.ec\\\/de\\\/category\\\/nachrichten\\\/\"},{\"@type\":\"ListItem\",\"position\":3,\"name\":\"Willkommen an der DSQ!\"}]},{\"@type\":\"WebSite\",\"@id\":\"https:\\\/\\\/www.caq.edu.ec\\\/#website\",\"url\":\"https:\\\/\\\/www.caq.edu.ec\\\/\",\"name\":\"Colegio Alem\u00e1n Quito\",\"description\":\"Una puerta al mundo\",\"potentialAction\":[{\"@type\":\"SearchAction\",\"target\":{\"@type\":\"EntryPoint\",\"urlTemplate\":\"https:\\\/\\\/www.caq.edu.ec\\\/?s={search_term_string}\"},\"query-input\":{\"@type\":\"PropertyValueSpecification\",\"valueRequired\":true,\"valueName\":\"search_term_string\"}}],\"inLanguage\":\"de\"},{\"@type\":\"Person\",\"@id\":\"https:\\\/\\\/www.caq.edu.ec\\\/#\\\/schema\\\/person\\\/b5cf8ed3732fd280f58ddb05e68713c5\",\"name\":\"c@qmi19\",\"image\":{\"@type\":\"ImageObject\",\"inLanguage\":\"de\",\"@id\":\"https:\\\/\\\/secure.gravatar.com\\\/avatar\\\/6e6ce3a6a7a823e369373d95fd82a74034a6c18fe625ff3b7aecb034961c6f96?s=96&d=mm&r=g\",\"url\":\"https:\\\/\\\/secure.gravatar.com\\\/avatar\\\/6e6ce3a6a7a823e369373d95fd82a74034a6c18fe625ff3b7aecb034961c6f96?s=96&d=mm&r=g\",\"contentUrl\":\"https:\\\/\\\/secure.gravatar.com\\\/avatar\\\/6e6ce3a6a7a823e369373d95fd82a74034a6c18fe625ff3b7aecb034961c6f96?s=96&d=mm&r=g\",\"caption\":\"c@qmi19\"},\"url\":\"https:\\\/\\\/www.caq.edu.ec\\\/de\\\/author\\\/cqmi19\\\/\"}]}<\/script>\n<!-- \/ Yoast SEO plugin. -->","yoast_head_json":{"title":"Willkommen an der DSQ! - Colegio Alem\u00e1n Quito","robots":{"index":"index","follow":"follow","max-snippet":"max-snippet:-1","max-image-preview":"max-image-preview:large","max-video-preview":"max-video-preview:-1"},"canonical":"https:\/\/www.caq.edu.ec\/de\/willkommen-an-der-dsq\/","og_locale":"de_DE","og_type":"article","og_title":"Willkommen an der DSQ! - Colegio Alem\u00e1n Quito","og_description":"Am Dienstag, den 6. September, begr\u00fc\u00dften wir die j\u00fcngsten Sch\u00fcler der DSQ, unsere Inicial-Kinder. Der Schulleiter, Dr. J\u00fcrgen Haist, die Leiterin des Kindergartens, Karin Zurbriggen, und die stellvertretende Leiterin, Diana Andrade, hie\u00dfen die Kinder und Eltern herzlich willkommen. Anschlie\u00dfend f\u00fchrten die Erziehrinnen ein Theaterst\u00fcck auf, das sie liebevoll vorbereitet hatten. Schlie\u00dflich lernten die Kinder in [&hellip;]","og_url":"https:\/\/www.caq.edu.ec\/de\/willkommen-an-der-dsq\/","og_site_name":"Colegio Alem\u00e1n Quito","article_published_time":"2022-09-09T16:41:06+00:00","article_modified_time":"2024-08-30T14:08:55+00:00","author":"c@qmi19","twitter_card":"summary_large_image","twitter_misc":{"Verfasst von":"c@qmi19","Gesch\u00e4tzte Lesezeit":"2\u00a0Minuten"},"schema":{"@context":"https:\/\/schema.org","@graph":[{"@type":"Article","@id":"https:\/\/www.caq.edu.ec\/de\/willkommen-an-der-dsq\/#article","isPartOf":{"@id":"https:\/\/www.caq.edu.ec\/de\/willkommen-an-der-dsq\/"},"author":{"name":"c@qmi19","@id":"https:\/\/www.caq.edu.ec\/#\/schema\/person\/b5cf8ed3732fd280f58ddb05e68713c5"},"headline":"Willkommen an der DSQ!","datePublished":"2022-09-09T16:41:06+00:00","dateModified":"2024-08-30T14:08:55+00:00","mainEntityOfPage":{"@id":"https:\/\/www.caq.edu.ec\/de\/willkommen-an-der-dsq\/"},"wordCount":384,"articleSection":["Nachrichten"],"inLanguage":"de"},{"@type":"WebPage","@id":"https:\/\/www.caq.edu.ec\/de\/willkommen-an-der-dsq\/","url":"https:\/\/www.caq.edu.ec\/de\/willkommen-an-der-dsq\/","name":"Willkommen an der DSQ! - Colegio Alem\u00e1n Quito","isPartOf":{"@id":"https:\/\/www.caq.edu.ec\/#website"},"datePublished":"2022-09-09T16:41:06+00:00","dateModified":"2024-08-30T14:08:55+00:00","author":{"@id":"https:\/\/www.caq.edu.ec\/#\/schema\/person\/b5cf8ed3732fd280f58ddb05e68713c5"},"breadcrumb":{"@id":"https:\/\/www.caq.edu.ec\/de\/willkommen-an-der-dsq\/#breadcrumb"},"inLanguage":"de","potentialAction":[{"@type":"ReadAction","target":["https:\/\/www.caq.edu.ec\/de\/willkommen-an-der-dsq\/"]}]},{"@type":"BreadcrumbList","@id":"https:\/\/www.caq.edu.ec\/de\/willkommen-an-der-dsq\/#breadcrumb","itemListElement":[{"@type":"ListItem","position":1,"name":"Inicio","item":"https:\/\/www.caq.edu.ec\/"},{"@type":"ListItem","position":2,"name":"Nachrichten","item":"https:\/\/www.caq.edu.ec\/de\/category\/nachrichten\/"},{"@type":"ListItem","position":3,"name":"Willkommen an der DSQ!"}]},{"@type":"WebSite","@id":"https:\/\/www.caq.edu.ec\/#website","url":"https:\/\/www.caq.edu.ec\/","name":"Colegio Alem\u00e1n Quito","description":"Una puerta al mundo","potentialAction":[{"@type":"SearchAction","target":{"@type":"EntryPoint","urlTemplate":"https:\/\/www.caq.edu.ec\/?s={search_term_string}"},"query-input":{"@type":"PropertyValueSpecification","valueRequired":true,"valueName":"search_term_string"}}],"inLanguage":"de"},{"@type":"Person","@id":"https:\/\/www.caq.edu.ec\/#\/schema\/person\/b5cf8ed3732fd280f58ddb05e68713c5","name":"c@qmi19","image":{"@type":"ImageObject","inLanguage":"de","@id":"https:\/\/secure.gravatar.com\/avatar\/6e6ce3a6a7a823e369373d95fd82a74034a6c18fe625ff3b7aecb034961c6f96?s=96&d=mm&r=g","url":"https:\/\/secure.gravatar.com\/avatar\/6e6ce3a6a7a823e369373d95fd82a74034a6c18fe625ff3b7aecb034961c6f96?s=96&d=mm&r=g","contentUrl":"https:\/\/secure.gravatar.com\/avatar\/6e6ce3a6a7a823e369373d95fd82a74034a6c18fe625ff3b7aecb034961c6f96?s=96&d=mm&r=g","caption":"c@qmi19"},"url":"https:\/\/www.caq.edu.ec\/de\/author\/cqmi19\/"}]}},"_links":{"self":[{"href":"https:\/\/www.caq.edu.ec\/de\/wp-json\/wp\/v2\/posts\/60852","targetHints":{"allow":["GET"]}}],"collection":[{"href":"https:\/\/www.caq.edu.ec\/de\/wp-json\/wp\/v2\/posts"}],"about":[{"href":"https:\/\/www.caq.edu.ec\/de\/wp-json\/wp\/v2\/types\/post"}],"author":[{"embeddable":true,"href":"https:\/\/www.caq.edu.ec\/de\/wp-json\/wp\/v2\/users\/6"}],"replies":[{"embeddable":true,"href":"https:\/\/www.caq.edu.ec\/de\/wp-json\/wp\/v2\/comments?post=60852"}],"version-history":[{"count":1,"href":"https:\/\/www.caq.edu.ec\/de\/wp-json\/wp\/v2\/posts\/60852\/revisions"}],"predecessor-version":[{"id":64267,"href":"https:\/\/www.caq.edu.ec\/de\/wp-json\/wp\/v2\/posts\/60852\/revisions\/64267"}],"wp:attachment":[{"href":"https:\/\/www.caq.edu.ec\/de\/wp-json\/wp\/v2\/media?parent=60852"}],"wp:term":[{"taxonomy":"category","embeddable":true,"href":"https:\/\/www.caq.edu.ec\/de\/wp-json\/wp\/v2\/categories?post=60852"},{"taxonomy":"post_tag","embeddable":true,"href":"https:\/\/www.caq.edu.ec\/de\/wp-json\/wp\/v2\/tags?post=60852"}],"curies":[{"name":"wp","href":"https:\/\/api.w.org\/{rel}","templated":true}]}}