{"id":60845,"date":"2022-06-02T18:55:23","date_gmt":"2022-06-02T18:55:23","guid":{"rendered":"https:\/\/www.caq.edu.ec\/austausch-mit-der-schule-mariscal-sucre-la-codicia-manabi\/"},"modified":"2024-08-30T09:08:56","modified_gmt":"2024-08-30T14:08:56","slug":"austausch-mit-der-schule-mariscal-sucre-la-codicia-manabi","status":"publish","type":"post","link":"https:\/\/www.caq.edu.ec\/de\/austausch-mit-der-schule-mariscal-sucre-la-codicia-manabi\/","title":{"rendered":"Austausch mit der Schule Mariscal Sucre, La Codicia (Manab\u00ed)"},"content":{"rendered":"<div class=\"x_x_elementToProof\">\n<p class=\"x_x_MsoNormal\"><span lang=\"DE\">Es gibt nichts Besseres als eine Reise, um den Blick auf die Welt zu ver\u00e4ndern. Diese besondere Reise hat nicht nur unser Wissen und unsere F\u00e4higkeiten bereichert, sondern auch unsere Sensibilit\u00e4t gesch\u00e4rft.\u00a0<\/span><\/p>\n<p class=\"x_x_MsoNormal\"><span lang=\"DE\">Am Morgen des 24. Mai 2022 reisten dreizehn Sch\u00fcler nach La Codicia (Manab\u00ed), genauer gesagt zu Besuch der Schule Mariscal Sucre (UEMS).\u00a0<\/span>Dieser Besuch fand im Rahmen des \u201cPrograma de Participaci\u00f3n Estudiantil (PPE)\u201d und des \u201cMovimiento Verde Estudiantil (MOVE)\u201d statt.<\/p>\n<\/div>\n<div class=\"x_x_elementToProof\">\n<p class=\"x_x_MsoNormal\"><span lang=\"DE\">W\u00e4hrend des viert\u00e4gigen Programms fanden verschiedene Aktivit\u00e4ten statt, z. B. eine Besichtigung der Schule und der Gemeinde, mehrere Pr\u00e4sentationen der Sch\u00fcler, ein Vormittag zur Wiederaufforstung, die Diagnose von Umweltproblemen und ihre jeweiligen L\u00f6sungen. Dar\u00fcber hinaus konnten wir mehr \u00fcber ihre Welt, z. B. den Gebrauch der Machete und die verschiedenen gastronomischen Spezialit\u00e4ten der Region erfahren. Am Ende jedes Tages trafen sie sich in einer Plenarsitzung, um das Gelernte zusammenzufassen und dar\u00fcber nachzudenken. \u00a0<\/span><\/p>\n<p class=\"x_x_MsoNormal\"><span lang=\"DE\">\u00a0<\/span><span lang=\"DE\">Die Gastfreundschaft der UEMS erleichterte die Integration von Sch\u00fclern und Lehrkr\u00e4ften in einer freundlichen Atmosph\u00e4re. Wir nahmen an Freizeitaktivit\u00e4ten teil und f\u00fchlten uns als Teil ihrer Schulwelt, was uns best\u00e4tigte, dass wir im Grunde genommen alle gleich sind.\u00a0<\/span><\/p>\n<\/div>\n\n","protected":false},"excerpt":{"rendered":"<p>Es gibt nichts Besseres als eine Reise, um den Blick auf die Welt zu ver\u00e4ndern. Diese besondere Reise hat nicht nur unser Wissen und unsere F\u00e4higkeiten bereichert, sondern auch unsere Sensibilit\u00e4t gesch\u00e4rft.\u00a0 Am Morgen des 24. Mai 2022 reisten dreizehn Sch\u00fcler nach La Codicia (Manab\u00ed), genauer gesagt zu Besuch der Schule Mariscal Sucre (UEMS).\u00a0Dieser Besuch [&hellip;]<\/p>\n","protected":false},"author":6,"featured_media":0,"comment_status":"closed","ping_status":"closed","sticky":false,"template":"","format":"standard","meta":{"footnotes":""},"categories":[36],"tags":[],"class_list":["post-60845","post","type-post","status-publish","format-standard","hentry","category-nachrichten"],"yoast_head":"<!-- This site is optimized with the Yoast SEO plugin v27.5 - https:\/\/yoast.com\/product\/yoast-seo-wordpress\/ -->\n<title>Austausch mit der Schule Mariscal Sucre, La Codicia (Manab\u00ed) - Colegio Alem\u00e1n Quito<\/title>\n<meta name=\"robots\" content=\"index, follow, max-snippet:-1, max-image-preview:large, max-video-preview:-1\" \/>\n<link rel=\"canonical\" href=\"https:\/\/www.caq.edu.ec\/de\/austausch-mit-der-schule-mariscal-sucre-la-codicia-manabi\/\" \/>\n<meta property=\"og:locale\" content=\"de_DE\" \/>\n<meta property=\"og:type\" content=\"article\" \/>\n<meta property=\"og:title\" content=\"Austausch mit der Schule Mariscal Sucre, La Codicia (Manab\u00ed) - Colegio Alem\u00e1n Quito\" \/>\n<meta property=\"og:description\" content=\"Es gibt nichts Besseres als eine Reise, um den Blick auf die Welt zu ver\u00e4ndern. Diese besondere Reise hat nicht nur unser Wissen und unsere F\u00e4higkeiten bereichert, sondern auch unsere Sensibilit\u00e4t gesch\u00e4rft.\u00a0 Am Morgen des 24. Mai 2022 reisten dreizehn Sch\u00fcler nach La Codicia (Manab\u00ed), genauer gesagt zu Besuch der Schule Mariscal Sucre (UEMS).\u00a0Dieser Besuch [&hellip;]\" \/>\n<meta property=\"og:url\" content=\"https:\/\/www.caq.edu.ec\/de\/austausch-mit-der-schule-mariscal-sucre-la-codicia-manabi\/\" \/>\n<meta property=\"og:site_name\" content=\"Colegio Alem\u00e1n Quito\" \/>\n<meta property=\"article:published_time\" content=\"2022-06-02T18:55:23+00:00\" \/>\n<meta property=\"article:modified_time\" content=\"2024-08-30T14:08:56+00:00\" \/>\n<meta name=\"author\" content=\"c@qmi19\" \/>\n<meta name=\"twitter:card\" content=\"summary_large_image\" \/>\n<meta name=\"twitter:label1\" content=\"Verfasst von\" \/>\n\t<meta name=\"twitter:data1\" content=\"c@qmi19\" \/>\n\t<meta name=\"twitter:label2\" content=\"Gesch\u00e4tzte Lesezeit\" \/>\n\t<meta name=\"twitter:data2\" content=\"3\u00a0Minuten\" \/>\n<script type=\"application\/ld+json\" class=\"yoast-schema-graph\">{\"@context\":\"https:\\\/\\\/schema.org\",\"@graph\":[{\"@type\":\"Article\",\"@id\":\"https:\\\/\\\/www.caq.edu.ec\\\/de\\\/austausch-mit-der-schule-mariscal-sucre-la-codicia-manabi\\\/#article\",\"isPartOf\":{\"@id\":\"https:\\\/\\\/www.caq.edu.ec\\\/de\\\/austausch-mit-der-schule-mariscal-sucre-la-codicia-manabi\\\/\"},\"author\":{\"name\":\"c@qmi19\",\"@id\":\"https:\\\/\\\/www.caq.edu.ec\\\/#\\\/schema\\\/person\\\/b5cf8ed3732fd280f58ddb05e68713c5\"},\"headline\":\"Austausch mit der Schule Mariscal Sucre, La Codicia (Manab\u00ed)\",\"datePublished\":\"2022-06-02T18:55:23+00:00\",\"dateModified\":\"2024-08-30T14:08:56+00:00\",\"mainEntityOfPage\":{\"@id\":\"https:\\\/\\\/www.caq.edu.ec\\\/de\\\/austausch-mit-der-schule-mariscal-sucre-la-codicia-manabi\\\/\"},\"wordCount\":528,\"articleSection\":[\"Nachrichten\"],\"inLanguage\":\"de\"},{\"@type\":\"WebPage\",\"@id\":\"https:\\\/\\\/www.caq.edu.ec\\\/de\\\/austausch-mit-der-schule-mariscal-sucre-la-codicia-manabi\\\/\",\"url\":\"https:\\\/\\\/www.caq.edu.ec\\\/de\\\/austausch-mit-der-schule-mariscal-sucre-la-codicia-manabi\\\/\",\"name\":\"Austausch mit der Schule Mariscal Sucre, La Codicia (Manab\u00ed) - Colegio Alem\u00e1n Quito\",\"isPartOf\":{\"@id\":\"https:\\\/\\\/www.caq.edu.ec\\\/#website\"},\"datePublished\":\"2022-06-02T18:55:23+00:00\",\"dateModified\":\"2024-08-30T14:08:56+00:00\",\"author\":{\"@id\":\"https:\\\/\\\/www.caq.edu.ec\\\/#\\\/schema\\\/person\\\/b5cf8ed3732fd280f58ddb05e68713c5\"},\"breadcrumb\":{\"@id\":\"https:\\\/\\\/www.caq.edu.ec\\\/de\\\/austausch-mit-der-schule-mariscal-sucre-la-codicia-manabi\\\/#breadcrumb\"},\"inLanguage\":\"de\",\"potentialAction\":[{\"@type\":\"ReadAction\",\"target\":[\"https:\\\/\\\/www.caq.edu.ec\\\/de\\\/austausch-mit-der-schule-mariscal-sucre-la-codicia-manabi\\\/\"]}]},{\"@type\":\"BreadcrumbList\",\"@id\":\"https:\\\/\\\/www.caq.edu.ec\\\/de\\\/austausch-mit-der-schule-mariscal-sucre-la-codicia-manabi\\\/#breadcrumb\",\"itemListElement\":[{\"@type\":\"ListItem\",\"position\":1,\"name\":\"Inicio\",\"item\":\"https:\\\/\\\/www.caq.edu.ec\\\/\"},{\"@type\":\"ListItem\",\"position\":2,\"name\":\"Nachrichten\",\"item\":\"https:\\\/\\\/www.caq.edu.ec\\\/de\\\/category\\\/nachrichten\\\/\"},{\"@type\":\"ListItem\",\"position\":3,\"name\":\"Austausch mit der Schule Mariscal Sucre, La Codicia (Manab\u00ed)\"}]},{\"@type\":\"WebSite\",\"@id\":\"https:\\\/\\\/www.caq.edu.ec\\\/#website\",\"url\":\"https:\\\/\\\/www.caq.edu.ec\\\/\",\"name\":\"Colegio Alem\u00e1n Quito\",\"description\":\"Una puerta al mundo\",\"potentialAction\":[{\"@type\":\"SearchAction\",\"target\":{\"@type\":\"EntryPoint\",\"urlTemplate\":\"https:\\\/\\\/www.caq.edu.ec\\\/?s={search_term_string}\"},\"query-input\":{\"@type\":\"PropertyValueSpecification\",\"valueRequired\":true,\"valueName\":\"search_term_string\"}}],\"inLanguage\":\"de\"},{\"@type\":\"Person\",\"@id\":\"https:\\\/\\\/www.caq.edu.ec\\\/#\\\/schema\\\/person\\\/b5cf8ed3732fd280f58ddb05e68713c5\",\"name\":\"c@qmi19\",\"image\":{\"@type\":\"ImageObject\",\"inLanguage\":\"de\",\"@id\":\"https:\\\/\\\/secure.gravatar.com\\\/avatar\\\/6e6ce3a6a7a823e369373d95fd82a74034a6c18fe625ff3b7aecb034961c6f96?s=96&d=mm&r=g\",\"url\":\"https:\\\/\\\/secure.gravatar.com\\\/avatar\\\/6e6ce3a6a7a823e369373d95fd82a74034a6c18fe625ff3b7aecb034961c6f96?s=96&d=mm&r=g\",\"contentUrl\":\"https:\\\/\\\/secure.gravatar.com\\\/avatar\\\/6e6ce3a6a7a823e369373d95fd82a74034a6c18fe625ff3b7aecb034961c6f96?s=96&d=mm&r=g\",\"caption\":\"c@qmi19\"},\"url\":\"https:\\\/\\\/www.caq.edu.ec\\\/de\\\/author\\\/cqmi19\\\/\"}]}<\/script>\n<!-- \/ Yoast SEO plugin. -->","yoast_head_json":{"title":"Austausch mit der Schule Mariscal Sucre, La Codicia (Manab\u00ed) - Colegio Alem\u00e1n Quito","robots":{"index":"index","follow":"follow","max-snippet":"max-snippet:-1","max-image-preview":"max-image-preview:large","max-video-preview":"max-video-preview:-1"},"canonical":"https:\/\/www.caq.edu.ec\/de\/austausch-mit-der-schule-mariscal-sucre-la-codicia-manabi\/","og_locale":"de_DE","og_type":"article","og_title":"Austausch mit der Schule Mariscal Sucre, La Codicia (Manab\u00ed) - Colegio Alem\u00e1n Quito","og_description":"Es gibt nichts Besseres als eine Reise, um den Blick auf die Welt zu ver\u00e4ndern. Diese besondere Reise hat nicht nur unser Wissen und unsere F\u00e4higkeiten bereichert, sondern auch unsere Sensibilit\u00e4t gesch\u00e4rft.\u00a0 Am Morgen des 24. Mai 2022 reisten dreizehn Sch\u00fcler nach La Codicia (Manab\u00ed), genauer gesagt zu Besuch der Schule Mariscal Sucre (UEMS).\u00a0Dieser Besuch [&hellip;]","og_url":"https:\/\/www.caq.edu.ec\/de\/austausch-mit-der-schule-mariscal-sucre-la-codicia-manabi\/","og_site_name":"Colegio Alem\u00e1n Quito","article_published_time":"2022-06-02T18:55:23+00:00","article_modified_time":"2024-08-30T14:08:56+00:00","author":"c@qmi19","twitter_card":"summary_large_image","twitter_misc":{"Verfasst von":"c@qmi19","Gesch\u00e4tzte Lesezeit":"3\u00a0Minuten"},"schema":{"@context":"https:\/\/schema.org","@graph":[{"@type":"Article","@id":"https:\/\/www.caq.edu.ec\/de\/austausch-mit-der-schule-mariscal-sucre-la-codicia-manabi\/#article","isPartOf":{"@id":"https:\/\/www.caq.edu.ec\/de\/austausch-mit-der-schule-mariscal-sucre-la-codicia-manabi\/"},"author":{"name":"c@qmi19","@id":"https:\/\/www.caq.edu.ec\/#\/schema\/person\/b5cf8ed3732fd280f58ddb05e68713c5"},"headline":"Austausch mit der Schule Mariscal Sucre, La Codicia (Manab\u00ed)","datePublished":"2022-06-02T18:55:23+00:00","dateModified":"2024-08-30T14:08:56+00:00","mainEntityOfPage":{"@id":"https:\/\/www.caq.edu.ec\/de\/austausch-mit-der-schule-mariscal-sucre-la-codicia-manabi\/"},"wordCount":528,"articleSection":["Nachrichten"],"inLanguage":"de"},{"@type":"WebPage","@id":"https:\/\/www.caq.edu.ec\/de\/austausch-mit-der-schule-mariscal-sucre-la-codicia-manabi\/","url":"https:\/\/www.caq.edu.ec\/de\/austausch-mit-der-schule-mariscal-sucre-la-codicia-manabi\/","name":"Austausch mit der Schule Mariscal Sucre, La Codicia (Manab\u00ed) - Colegio Alem\u00e1n Quito","isPartOf":{"@id":"https:\/\/www.caq.edu.ec\/#website"},"datePublished":"2022-06-02T18:55:23+00:00","dateModified":"2024-08-30T14:08:56+00:00","author":{"@id":"https:\/\/www.caq.edu.ec\/#\/schema\/person\/b5cf8ed3732fd280f58ddb05e68713c5"},"breadcrumb":{"@id":"https:\/\/www.caq.edu.ec\/de\/austausch-mit-der-schule-mariscal-sucre-la-codicia-manabi\/#breadcrumb"},"inLanguage":"de","potentialAction":[{"@type":"ReadAction","target":["https:\/\/www.caq.edu.ec\/de\/austausch-mit-der-schule-mariscal-sucre-la-codicia-manabi\/"]}]},{"@type":"BreadcrumbList","@id":"https:\/\/www.caq.edu.ec\/de\/austausch-mit-der-schule-mariscal-sucre-la-codicia-manabi\/#breadcrumb","itemListElement":[{"@type":"ListItem","position":1,"name":"Inicio","item":"https:\/\/www.caq.edu.ec\/"},{"@type":"ListItem","position":2,"name":"Nachrichten","item":"https:\/\/www.caq.edu.ec\/de\/category\/nachrichten\/"},{"@type":"ListItem","position":3,"name":"Austausch mit der Schule Mariscal Sucre, La Codicia (Manab\u00ed)"}]},{"@type":"WebSite","@id":"https:\/\/www.caq.edu.ec\/#website","url":"https:\/\/www.caq.edu.ec\/","name":"Colegio Alem\u00e1n Quito","description":"Una puerta al mundo","potentialAction":[{"@type":"SearchAction","target":{"@type":"EntryPoint","urlTemplate":"https:\/\/www.caq.edu.ec\/?s={search_term_string}"},"query-input":{"@type":"PropertyValueSpecification","valueRequired":true,"valueName":"search_term_string"}}],"inLanguage":"de"},{"@type":"Person","@id":"https:\/\/www.caq.edu.ec\/#\/schema\/person\/b5cf8ed3732fd280f58ddb05e68713c5","name":"c@qmi19","image":{"@type":"ImageObject","inLanguage":"de","@id":"https:\/\/secure.gravatar.com\/avatar\/6e6ce3a6a7a823e369373d95fd82a74034a6c18fe625ff3b7aecb034961c6f96?s=96&d=mm&r=g","url":"https:\/\/secure.gravatar.com\/avatar\/6e6ce3a6a7a823e369373d95fd82a74034a6c18fe625ff3b7aecb034961c6f96?s=96&d=mm&r=g","contentUrl":"https:\/\/secure.gravatar.com\/avatar\/6e6ce3a6a7a823e369373d95fd82a74034a6c18fe625ff3b7aecb034961c6f96?s=96&d=mm&r=g","caption":"c@qmi19"},"url":"https:\/\/www.caq.edu.ec\/de\/author\/cqmi19\/"}]}},"_links":{"self":[{"href":"https:\/\/www.caq.edu.ec\/de\/wp-json\/wp\/v2\/posts\/60845","targetHints":{"allow":["GET"]}}],"collection":[{"href":"https:\/\/www.caq.edu.ec\/de\/wp-json\/wp\/v2\/posts"}],"about":[{"href":"https:\/\/www.caq.edu.ec\/de\/wp-json\/wp\/v2\/types\/post"}],"author":[{"embeddable":true,"href":"https:\/\/www.caq.edu.ec\/de\/wp-json\/wp\/v2\/users\/6"}],"replies":[{"embeddable":true,"href":"https:\/\/www.caq.edu.ec\/de\/wp-json\/wp\/v2\/comments?post=60845"}],"version-history":[{"count":1,"href":"https:\/\/www.caq.edu.ec\/de\/wp-json\/wp\/v2\/posts\/60845\/revisions"}],"predecessor-version":[{"id":64273,"href":"https:\/\/www.caq.edu.ec\/de\/wp-json\/wp\/v2\/posts\/60845\/revisions\/64273"}],"wp:attachment":[{"href":"https:\/\/www.caq.edu.ec\/de\/wp-json\/wp\/v2\/media?parent=60845"}],"wp:term":[{"taxonomy":"category","embeddable":true,"href":"https:\/\/www.caq.edu.ec\/de\/wp-json\/wp\/v2\/categories?post=60845"},{"taxonomy":"post_tag","embeddable":true,"href":"https:\/\/www.caq.edu.ec\/de\/wp-json\/wp\/v2\/tags?post=60845"}],"curies":[{"name":"wp","href":"https:\/\/api.w.org\/{rel}","templated":true}]}}