{"id":60841,"date":"2022-05-09T13:51:18","date_gmt":"2022-05-09T13:51:18","guid":{"rendered":"https:\/\/www.caq.edu.ec\/dritter-platz-fuer-schueler-aus-la-codicia-bei-internationalem-wettbewerb\/"},"modified":"2024-08-30T09:08:56","modified_gmt":"2024-08-30T14:08:56","slug":"dritter-platz-fuer-schueler-aus-la-codicia-bei-internationalem-wettbewerb","status":"publish","type":"post","link":"https:\/\/www.caq.edu.ec\/de\/dritter-platz-fuer-schueler-aus-la-codicia-bei-internationalem-wettbewerb\/","title":{"rendered":"Dritter Platz f\u00fcr Sch\u00fcler aus La Codicia bei internationalem Wettbewerb"},"content":{"rendered":"<p>Die \u201eSaat geht auf\u201c, wie es so sch\u00f6n im Deutschen hei\u00dft. Es zeigt sich immer mehr, dass sich die Investitionen in unsere Partnerschule in La Codicia gelohnt haben. Jisleidis Cede\u00f1o y Jeremy P\u00e1rraga, beide Sch\u00fcler aus der \u201eMariscal Sucre\u201c, haben mit ihrem Projekt zur Abwasserkl\u00e4rung einen beachtlichen dritten Platz in dem internationalen Wettbewerb \u201eStockholm Water Junior Prize\u201c belegt.<\/p>\n<p>Mit Geldern der Deutschen Botschaft in Quito waren bereits im vergangenen Jahr \u00fcber 20 Haushalte mit Kl\u00e4rsystemen ausgestattet worden. Den Sch\u00fclern ist es nun gelungen, die industriell gefertigten Anlagen nachzubauen und dabei den Preis um 75% zu senken. Herzlichen Gl\u00fcckwunsch!<\/p>\n<p>&nbsp;<\/p>\n<p>&nbsp;<\/p>\n\n","protected":false},"excerpt":{"rendered":"<p>Die \u201eSaat geht auf\u201c, wie es so sch\u00f6n im Deutschen hei\u00dft. Es zeigt sich immer mehr, dass sich die Investitionen in unsere Partnerschule in La Codicia gelohnt haben. Jisleidis Cede\u00f1o y Jeremy P\u00e1rraga, beide Sch\u00fcler aus der \u201eMariscal Sucre\u201c, haben mit ihrem Projekt zur Abwasserkl\u00e4rung einen beachtlichen dritten Platz in dem internationalen Wettbewerb \u201eStockholm Water [&hellip;]<\/p>\n","protected":false},"author":6,"featured_media":0,"comment_status":"closed","ping_status":"closed","sticky":false,"template":"","format":"standard","meta":{"footnotes":""},"categories":[36],"tags":[],"class_list":["post-60841","post","type-post","status-publish","format-standard","hentry","category-nachrichten"],"yoast_head":"<!-- This site is optimized with the Yoast SEO plugin v27.5 - https:\/\/yoast.com\/product\/yoast-seo-wordpress\/ -->\n<title>Dritter Platz f\u00fcr Sch\u00fcler aus La Codicia bei internationalem Wettbewerb - Colegio Alem\u00e1n Quito<\/title>\n<meta name=\"robots\" content=\"index, follow, max-snippet:-1, max-image-preview:large, max-video-preview:-1\" \/>\n<link rel=\"canonical\" href=\"https:\/\/www.caq.edu.ec\/de\/dritter-platz-fuer-schueler-aus-la-codicia-bei-internationalem-wettbewerb\/\" \/>\n<meta property=\"og:locale\" content=\"de_DE\" \/>\n<meta property=\"og:type\" content=\"article\" \/>\n<meta property=\"og:title\" content=\"Dritter Platz f\u00fcr Sch\u00fcler aus La Codicia bei internationalem Wettbewerb - Colegio Alem\u00e1n Quito\" \/>\n<meta property=\"og:description\" content=\"Die \u201eSaat geht auf\u201c, wie es so sch\u00f6n im Deutschen hei\u00dft. Es zeigt sich immer mehr, dass sich die Investitionen in unsere Partnerschule in La Codicia gelohnt haben. Jisleidis Cede\u00f1o y Jeremy P\u00e1rraga, beide Sch\u00fcler aus der \u201eMariscal Sucre\u201c, haben mit ihrem Projekt zur Abwasserkl\u00e4rung einen beachtlichen dritten Platz in dem internationalen Wettbewerb \u201eStockholm Water [&hellip;]\" \/>\n<meta property=\"og:url\" content=\"https:\/\/www.caq.edu.ec\/de\/dritter-platz-fuer-schueler-aus-la-codicia-bei-internationalem-wettbewerb\/\" \/>\n<meta property=\"og:site_name\" content=\"Colegio Alem\u00e1n Quito\" \/>\n<meta property=\"article:published_time\" content=\"2022-05-09T13:51:18+00:00\" \/>\n<meta property=\"article:modified_time\" content=\"2024-08-30T14:08:56+00:00\" \/>\n<meta name=\"author\" content=\"c@qmi19\" \/>\n<meta name=\"twitter:card\" content=\"summary_large_image\" \/>\n<meta name=\"twitter:label1\" content=\"Verfasst von\" \/>\n\t<meta name=\"twitter:data1\" content=\"c@qmi19\" \/>\n\t<meta name=\"twitter:label2\" content=\"Gesch\u00e4tzte Lesezeit\" \/>\n\t<meta name=\"twitter:data2\" content=\"1\u00a0Minute\" \/>\n<script type=\"application\/ld+json\" class=\"yoast-schema-graph\">{\"@context\":\"https:\\\/\\\/schema.org\",\"@graph\":[{\"@type\":\"Article\",\"@id\":\"https:\\\/\\\/www.caq.edu.ec\\\/de\\\/dritter-platz-fuer-schueler-aus-la-codicia-bei-internationalem-wettbewerb\\\/#article\",\"isPartOf\":{\"@id\":\"https:\\\/\\\/www.caq.edu.ec\\\/de\\\/dritter-platz-fuer-schueler-aus-la-codicia-bei-internationalem-wettbewerb\\\/\"},\"author\":{\"name\":\"c@qmi19\",\"@id\":\"https:\\\/\\\/www.caq.edu.ec\\\/#\\\/schema\\\/person\\\/b5cf8ed3732fd280f58ddb05e68713c5\"},\"headline\":\"Dritter Platz f\u00fcr Sch\u00fcler aus La Codicia bei internationalem Wettbewerb\",\"datePublished\":\"2022-05-09T13:51:18+00:00\",\"dateModified\":\"2024-08-30T14:08:56+00:00\",\"mainEntityOfPage\":{\"@id\":\"https:\\\/\\\/www.caq.edu.ec\\\/de\\\/dritter-platz-fuer-schueler-aus-la-codicia-bei-internationalem-wettbewerb\\\/\"},\"wordCount\":206,\"articleSection\":[\"Nachrichten\"],\"inLanguage\":\"de\"},{\"@type\":\"WebPage\",\"@id\":\"https:\\\/\\\/www.caq.edu.ec\\\/de\\\/dritter-platz-fuer-schueler-aus-la-codicia-bei-internationalem-wettbewerb\\\/\",\"url\":\"https:\\\/\\\/www.caq.edu.ec\\\/de\\\/dritter-platz-fuer-schueler-aus-la-codicia-bei-internationalem-wettbewerb\\\/\",\"name\":\"Dritter Platz f\u00fcr Sch\u00fcler aus La Codicia bei internationalem Wettbewerb - Colegio Alem\u00e1n Quito\",\"isPartOf\":{\"@id\":\"https:\\\/\\\/www.caq.edu.ec\\\/#website\"},\"datePublished\":\"2022-05-09T13:51:18+00:00\",\"dateModified\":\"2024-08-30T14:08:56+00:00\",\"author\":{\"@id\":\"https:\\\/\\\/www.caq.edu.ec\\\/#\\\/schema\\\/person\\\/b5cf8ed3732fd280f58ddb05e68713c5\"},\"breadcrumb\":{\"@id\":\"https:\\\/\\\/www.caq.edu.ec\\\/de\\\/dritter-platz-fuer-schueler-aus-la-codicia-bei-internationalem-wettbewerb\\\/#breadcrumb\"},\"inLanguage\":\"de\",\"potentialAction\":[{\"@type\":\"ReadAction\",\"target\":[\"https:\\\/\\\/www.caq.edu.ec\\\/de\\\/dritter-platz-fuer-schueler-aus-la-codicia-bei-internationalem-wettbewerb\\\/\"]}]},{\"@type\":\"BreadcrumbList\",\"@id\":\"https:\\\/\\\/www.caq.edu.ec\\\/de\\\/dritter-platz-fuer-schueler-aus-la-codicia-bei-internationalem-wettbewerb\\\/#breadcrumb\",\"itemListElement\":[{\"@type\":\"ListItem\",\"position\":1,\"name\":\"Inicio\",\"item\":\"https:\\\/\\\/www.caq.edu.ec\\\/\"},{\"@type\":\"ListItem\",\"position\":2,\"name\":\"Nachrichten\",\"item\":\"https:\\\/\\\/www.caq.edu.ec\\\/de\\\/category\\\/nachrichten\\\/\"},{\"@type\":\"ListItem\",\"position\":3,\"name\":\"Dritter Platz f\u00fcr Sch\u00fcler aus La Codicia bei internationalem Wettbewerb\"}]},{\"@type\":\"WebSite\",\"@id\":\"https:\\\/\\\/www.caq.edu.ec\\\/#website\",\"url\":\"https:\\\/\\\/www.caq.edu.ec\\\/\",\"name\":\"Colegio Alem\u00e1n Quito\",\"description\":\"Una puerta al mundo\",\"potentialAction\":[{\"@type\":\"SearchAction\",\"target\":{\"@type\":\"EntryPoint\",\"urlTemplate\":\"https:\\\/\\\/www.caq.edu.ec\\\/?s={search_term_string}\"},\"query-input\":{\"@type\":\"PropertyValueSpecification\",\"valueRequired\":true,\"valueName\":\"search_term_string\"}}],\"inLanguage\":\"de\"},{\"@type\":\"Person\",\"@id\":\"https:\\\/\\\/www.caq.edu.ec\\\/#\\\/schema\\\/person\\\/b5cf8ed3732fd280f58ddb05e68713c5\",\"name\":\"c@qmi19\",\"image\":{\"@type\":\"ImageObject\",\"inLanguage\":\"de\",\"@id\":\"https:\\\/\\\/secure.gravatar.com\\\/avatar\\\/6e6ce3a6a7a823e369373d95fd82a74034a6c18fe625ff3b7aecb034961c6f96?s=96&d=mm&r=g\",\"url\":\"https:\\\/\\\/secure.gravatar.com\\\/avatar\\\/6e6ce3a6a7a823e369373d95fd82a74034a6c18fe625ff3b7aecb034961c6f96?s=96&d=mm&r=g\",\"contentUrl\":\"https:\\\/\\\/secure.gravatar.com\\\/avatar\\\/6e6ce3a6a7a823e369373d95fd82a74034a6c18fe625ff3b7aecb034961c6f96?s=96&d=mm&r=g\",\"caption\":\"c@qmi19\"},\"url\":\"https:\\\/\\\/www.caq.edu.ec\\\/de\\\/author\\\/cqmi19\\\/\"}]}<\/script>\n<!-- \/ Yoast SEO plugin. -->","yoast_head_json":{"title":"Dritter Platz f\u00fcr Sch\u00fcler aus La Codicia bei internationalem Wettbewerb - Colegio Alem\u00e1n Quito","robots":{"index":"index","follow":"follow","max-snippet":"max-snippet:-1","max-image-preview":"max-image-preview:large","max-video-preview":"max-video-preview:-1"},"canonical":"https:\/\/www.caq.edu.ec\/de\/dritter-platz-fuer-schueler-aus-la-codicia-bei-internationalem-wettbewerb\/","og_locale":"de_DE","og_type":"article","og_title":"Dritter Platz f\u00fcr Sch\u00fcler aus La Codicia bei internationalem Wettbewerb - Colegio Alem\u00e1n Quito","og_description":"Die \u201eSaat geht auf\u201c, wie es so sch\u00f6n im Deutschen hei\u00dft. Es zeigt sich immer mehr, dass sich die Investitionen in unsere Partnerschule in La Codicia gelohnt haben. Jisleidis Cede\u00f1o y Jeremy P\u00e1rraga, beide Sch\u00fcler aus der \u201eMariscal Sucre\u201c, haben mit ihrem Projekt zur Abwasserkl\u00e4rung einen beachtlichen dritten Platz in dem internationalen Wettbewerb \u201eStockholm Water [&hellip;]","og_url":"https:\/\/www.caq.edu.ec\/de\/dritter-platz-fuer-schueler-aus-la-codicia-bei-internationalem-wettbewerb\/","og_site_name":"Colegio Alem\u00e1n Quito","article_published_time":"2022-05-09T13:51:18+00:00","article_modified_time":"2024-08-30T14:08:56+00:00","author":"c@qmi19","twitter_card":"summary_large_image","twitter_misc":{"Verfasst von":"c@qmi19","Gesch\u00e4tzte Lesezeit":"1\u00a0Minute"},"schema":{"@context":"https:\/\/schema.org","@graph":[{"@type":"Article","@id":"https:\/\/www.caq.edu.ec\/de\/dritter-platz-fuer-schueler-aus-la-codicia-bei-internationalem-wettbewerb\/#article","isPartOf":{"@id":"https:\/\/www.caq.edu.ec\/de\/dritter-platz-fuer-schueler-aus-la-codicia-bei-internationalem-wettbewerb\/"},"author":{"name":"c@qmi19","@id":"https:\/\/www.caq.edu.ec\/#\/schema\/person\/b5cf8ed3732fd280f58ddb05e68713c5"},"headline":"Dritter Platz f\u00fcr Sch\u00fcler aus La Codicia bei internationalem Wettbewerb","datePublished":"2022-05-09T13:51:18+00:00","dateModified":"2024-08-30T14:08:56+00:00","mainEntityOfPage":{"@id":"https:\/\/www.caq.edu.ec\/de\/dritter-platz-fuer-schueler-aus-la-codicia-bei-internationalem-wettbewerb\/"},"wordCount":206,"articleSection":["Nachrichten"],"inLanguage":"de"},{"@type":"WebPage","@id":"https:\/\/www.caq.edu.ec\/de\/dritter-platz-fuer-schueler-aus-la-codicia-bei-internationalem-wettbewerb\/","url":"https:\/\/www.caq.edu.ec\/de\/dritter-platz-fuer-schueler-aus-la-codicia-bei-internationalem-wettbewerb\/","name":"Dritter Platz f\u00fcr Sch\u00fcler aus La Codicia bei internationalem Wettbewerb - Colegio Alem\u00e1n Quito","isPartOf":{"@id":"https:\/\/www.caq.edu.ec\/#website"},"datePublished":"2022-05-09T13:51:18+00:00","dateModified":"2024-08-30T14:08:56+00:00","author":{"@id":"https:\/\/www.caq.edu.ec\/#\/schema\/person\/b5cf8ed3732fd280f58ddb05e68713c5"},"breadcrumb":{"@id":"https:\/\/www.caq.edu.ec\/de\/dritter-platz-fuer-schueler-aus-la-codicia-bei-internationalem-wettbewerb\/#breadcrumb"},"inLanguage":"de","potentialAction":[{"@type":"ReadAction","target":["https:\/\/www.caq.edu.ec\/de\/dritter-platz-fuer-schueler-aus-la-codicia-bei-internationalem-wettbewerb\/"]}]},{"@type":"BreadcrumbList","@id":"https:\/\/www.caq.edu.ec\/de\/dritter-platz-fuer-schueler-aus-la-codicia-bei-internationalem-wettbewerb\/#breadcrumb","itemListElement":[{"@type":"ListItem","position":1,"name":"Inicio","item":"https:\/\/www.caq.edu.ec\/"},{"@type":"ListItem","position":2,"name":"Nachrichten","item":"https:\/\/www.caq.edu.ec\/de\/category\/nachrichten\/"},{"@type":"ListItem","position":3,"name":"Dritter Platz f\u00fcr Sch\u00fcler aus La Codicia bei internationalem Wettbewerb"}]},{"@type":"WebSite","@id":"https:\/\/www.caq.edu.ec\/#website","url":"https:\/\/www.caq.edu.ec\/","name":"Colegio Alem\u00e1n Quito","description":"Una puerta al mundo","potentialAction":[{"@type":"SearchAction","target":{"@type":"EntryPoint","urlTemplate":"https:\/\/www.caq.edu.ec\/?s={search_term_string}"},"query-input":{"@type":"PropertyValueSpecification","valueRequired":true,"valueName":"search_term_string"}}],"inLanguage":"de"},{"@type":"Person","@id":"https:\/\/www.caq.edu.ec\/#\/schema\/person\/b5cf8ed3732fd280f58ddb05e68713c5","name":"c@qmi19","image":{"@type":"ImageObject","inLanguage":"de","@id":"https:\/\/secure.gravatar.com\/avatar\/6e6ce3a6a7a823e369373d95fd82a74034a6c18fe625ff3b7aecb034961c6f96?s=96&d=mm&r=g","url":"https:\/\/secure.gravatar.com\/avatar\/6e6ce3a6a7a823e369373d95fd82a74034a6c18fe625ff3b7aecb034961c6f96?s=96&d=mm&r=g","contentUrl":"https:\/\/secure.gravatar.com\/avatar\/6e6ce3a6a7a823e369373d95fd82a74034a6c18fe625ff3b7aecb034961c6f96?s=96&d=mm&r=g","caption":"c@qmi19"},"url":"https:\/\/www.caq.edu.ec\/de\/author\/cqmi19\/"}]}},"_links":{"self":[{"href":"https:\/\/www.caq.edu.ec\/de\/wp-json\/wp\/v2\/posts\/60841","targetHints":{"allow":["GET"]}}],"collection":[{"href":"https:\/\/www.caq.edu.ec\/de\/wp-json\/wp\/v2\/posts"}],"about":[{"href":"https:\/\/www.caq.edu.ec\/de\/wp-json\/wp\/v2\/types\/post"}],"author":[{"embeddable":true,"href":"https:\/\/www.caq.edu.ec\/de\/wp-json\/wp\/v2\/users\/6"}],"replies":[{"embeddable":true,"href":"https:\/\/www.caq.edu.ec\/de\/wp-json\/wp\/v2\/comments?post=60841"}],"version-history":[{"count":1,"href":"https:\/\/www.caq.edu.ec\/de\/wp-json\/wp\/v2\/posts\/60841\/revisions"}],"predecessor-version":[{"id":64277,"href":"https:\/\/www.caq.edu.ec\/de\/wp-json\/wp\/v2\/posts\/60841\/revisions\/64277"}],"wp:attachment":[{"href":"https:\/\/www.caq.edu.ec\/de\/wp-json\/wp\/v2\/media?parent=60841"}],"wp:term":[{"taxonomy":"category","embeddable":true,"href":"https:\/\/www.caq.edu.ec\/de\/wp-json\/wp\/v2\/categories?post=60841"},{"taxonomy":"post_tag","embeddable":true,"href":"https:\/\/www.caq.edu.ec\/de\/wp-json\/wp\/v2\/tags?post=60841"}],"curies":[{"name":"wp","href":"https:\/\/api.w.org\/{rel}","templated":true}]}}