{"id":60840,"date":"2022-05-04T20:31:36","date_gmt":"2022-05-04T20:31:36","guid":{"rendered":"https:\/\/www.caq.edu.ec\/impressionen-vom-tag-des-buches\/"},"modified":"2024-08-30T09:08:56","modified_gmt":"2024-08-30T14:08:56","slug":"impressionen-vom-tag-des-buches","status":"publish","type":"post","link":"https:\/\/www.caq.edu.ec\/de\/impressionen-vom-tag-des-buches\/","title":{"rendered":"Impressionen vom Tag des Buches\u00a0"},"content":{"rendered":"<div class=\"x_elementToProof\"><\/div>\n<div class=\"x_elementToProof\">Nach zwei Jahren konnten die Sch\u00fclerinnen und Sch\u00fcler den Tag des Buches endlich wieder pr\u00e4sentiell feiern. Die Bibliothek k\u00fcrte die Gewinner des Poesie- und Geschichtenwettbewerbs. Es kamen zahlreiche Autoren, und die Sch\u00fclerinnen und Sch\u00fcler genossen die Lesungen im Beethoven-Theater. Die Fachschaft Kunst hatte eine Austellung vorbereitet, und auch die verschiedenen Klassen pr\u00e4sentierten ihre Projekte.<\/div>\n<div class=\"x_elementToProof\"><\/div>\n<div class=\"x_elementToProof\">In der Sekundaria\u00a0 veranstalteten die Klassen 11 A,B und 12A,B einen Poetry Slam auf Deutsch, die Bibliothek hatte f\u00fcr jede Jahrgangsstufe eine Lesung bzw. einen Vortrag vorbereitet. Der deutsche Botschafter\u00a0 Dr. Philipp Schauer stellte sein Buch &#8222;Haciendas. Travels through the history of Ecuador &#8220; vor, woran sich ein interessantes Interview anschloss, das Sch\u00fclerinnen und Sch\u00fcler der Klasse 12B vorbereitet hatten.<\/div>\n<div class=\"x_elementToProof\"><\/div>\n<div class=\"x_elementToProof\">Im Kindergarten feierten die Kleinsten eine Woche lang ein Lese- und Vorlesefest.\u00a0Zudem stellten die Lehrerinnen Alexandra Rodr\u00edguez\u00a0 und Cecilia Hurtado ihre neuen B\u00fccher vor.<\/div>\n<div><\/div>\n<div>Herzlichen Gl\u00fcckwunsch an alle Teilnehmer!<\/div>\n<div><\/div>\n<div>\n\n<\/div>\n","protected":false},"excerpt":{"rendered":"<p>Nach zwei Jahren konnten die Sch\u00fclerinnen und Sch\u00fcler den Tag des Buches endlich wieder pr\u00e4sentiell feiern. Die Bibliothek k\u00fcrte die Gewinner des Poesie- und Geschichtenwettbewerbs. Es kamen zahlreiche Autoren, und die Sch\u00fclerinnen und Sch\u00fcler genossen die Lesungen im Beethoven-Theater. Die Fachschaft Kunst hatte eine Austellung vorbereitet, und auch die verschiedenen Klassen pr\u00e4sentierten ihre Projekte. In [&hellip;]<\/p>\n","protected":false},"author":6,"featured_media":0,"comment_status":"closed","ping_status":"closed","sticky":false,"template":"","format":"standard","meta":{"footnotes":""},"categories":[36],"tags":[],"class_list":["post-60840","post","type-post","status-publish","format-standard","hentry","category-nachrichten"],"yoast_head":"<!-- This site is optimized with the Yoast SEO plugin v27.5 - https:\/\/yoast.com\/product\/yoast-seo-wordpress\/ -->\n<title>Impressionen vom Tag des Buches\u00a0 - Colegio Alem\u00e1n Quito<\/title>\n<meta name=\"robots\" content=\"index, follow, max-snippet:-1, max-image-preview:large, max-video-preview:-1\" \/>\n<link rel=\"canonical\" href=\"https:\/\/www.caq.edu.ec\/de\/impressionen-vom-tag-des-buches\/\" \/>\n<meta property=\"og:locale\" content=\"de_DE\" \/>\n<meta property=\"og:type\" content=\"article\" \/>\n<meta property=\"og:title\" content=\"Impressionen vom Tag des Buches\u00a0 - Colegio Alem\u00e1n Quito\" \/>\n<meta property=\"og:description\" content=\"Nach zwei Jahren konnten die Sch\u00fclerinnen und Sch\u00fcler den Tag des Buches endlich wieder pr\u00e4sentiell feiern. Die Bibliothek k\u00fcrte die Gewinner des Poesie- und Geschichtenwettbewerbs. Es kamen zahlreiche Autoren, und die Sch\u00fclerinnen und Sch\u00fcler genossen die Lesungen im Beethoven-Theater. Die Fachschaft Kunst hatte eine Austellung vorbereitet, und auch die verschiedenen Klassen pr\u00e4sentierten ihre Projekte. In [&hellip;]\" \/>\n<meta property=\"og:url\" content=\"https:\/\/www.caq.edu.ec\/de\/impressionen-vom-tag-des-buches\/\" \/>\n<meta property=\"og:site_name\" content=\"Colegio Alem\u00e1n Quito\" \/>\n<meta property=\"article:published_time\" content=\"2022-05-04T20:31:36+00:00\" \/>\n<meta property=\"article:modified_time\" content=\"2024-08-30T14:08:56+00:00\" \/>\n<meta name=\"author\" content=\"c@qmi19\" \/>\n<meta name=\"twitter:card\" content=\"summary_large_image\" \/>\n<meta name=\"twitter:label1\" content=\"Verfasst von\" \/>\n\t<meta name=\"twitter:data1\" content=\"c@qmi19\" \/>\n\t<meta name=\"twitter:label2\" content=\"Gesch\u00e4tzte Lesezeit\" \/>\n\t<meta name=\"twitter:data2\" content=\"3\u00a0Minuten\" \/>\n<script type=\"application\/ld+json\" class=\"yoast-schema-graph\">{\"@context\":\"https:\\\/\\\/schema.org\",\"@graph\":[{\"@type\":\"Article\",\"@id\":\"https:\\\/\\\/www.caq.edu.ec\\\/de\\\/impressionen-vom-tag-des-buches\\\/#article\",\"isPartOf\":{\"@id\":\"https:\\\/\\\/www.caq.edu.ec\\\/de\\\/impressionen-vom-tag-des-buches\\\/\"},\"author\":{\"name\":\"c@qmi19\",\"@id\":\"https:\\\/\\\/www.caq.edu.ec\\\/#\\\/schema\\\/person\\\/b5cf8ed3732fd280f58ddb05e68713c5\"},\"headline\":\"Impressionen vom Tag des Buches\u00a0\",\"datePublished\":\"2022-05-04T20:31:36+00:00\",\"dateModified\":\"2024-08-30T14:08:56+00:00\",\"mainEntityOfPage\":{\"@id\":\"https:\\\/\\\/www.caq.edu.ec\\\/de\\\/impressionen-vom-tag-des-buches\\\/\"},\"wordCount\":647,\"articleSection\":[\"Nachrichten\"],\"inLanguage\":\"de\"},{\"@type\":\"WebPage\",\"@id\":\"https:\\\/\\\/www.caq.edu.ec\\\/de\\\/impressionen-vom-tag-des-buches\\\/\",\"url\":\"https:\\\/\\\/www.caq.edu.ec\\\/de\\\/impressionen-vom-tag-des-buches\\\/\",\"name\":\"Impressionen vom Tag des Buches\u00a0 - Colegio Alem\u00e1n Quito\",\"isPartOf\":{\"@id\":\"https:\\\/\\\/www.caq.edu.ec\\\/#website\"},\"datePublished\":\"2022-05-04T20:31:36+00:00\",\"dateModified\":\"2024-08-30T14:08:56+00:00\",\"author\":{\"@id\":\"https:\\\/\\\/www.caq.edu.ec\\\/#\\\/schema\\\/person\\\/b5cf8ed3732fd280f58ddb05e68713c5\"},\"breadcrumb\":{\"@id\":\"https:\\\/\\\/www.caq.edu.ec\\\/de\\\/impressionen-vom-tag-des-buches\\\/#breadcrumb\"},\"inLanguage\":\"de\",\"potentialAction\":[{\"@type\":\"ReadAction\",\"target\":[\"https:\\\/\\\/www.caq.edu.ec\\\/de\\\/impressionen-vom-tag-des-buches\\\/\"]}]},{\"@type\":\"BreadcrumbList\",\"@id\":\"https:\\\/\\\/www.caq.edu.ec\\\/de\\\/impressionen-vom-tag-des-buches\\\/#breadcrumb\",\"itemListElement\":[{\"@type\":\"ListItem\",\"position\":1,\"name\":\"Inicio\",\"item\":\"https:\\\/\\\/www.caq.edu.ec\\\/\"},{\"@type\":\"ListItem\",\"position\":2,\"name\":\"Nachrichten\",\"item\":\"https:\\\/\\\/www.caq.edu.ec\\\/de\\\/category\\\/nachrichten\\\/\"},{\"@type\":\"ListItem\",\"position\":3,\"name\":\"Impressionen vom Tag des Buches\u00a0\"}]},{\"@type\":\"WebSite\",\"@id\":\"https:\\\/\\\/www.caq.edu.ec\\\/#website\",\"url\":\"https:\\\/\\\/www.caq.edu.ec\\\/\",\"name\":\"Colegio Alem\u00e1n Quito\",\"description\":\"Una puerta al mundo\",\"potentialAction\":[{\"@type\":\"SearchAction\",\"target\":{\"@type\":\"EntryPoint\",\"urlTemplate\":\"https:\\\/\\\/www.caq.edu.ec\\\/?s={search_term_string}\"},\"query-input\":{\"@type\":\"PropertyValueSpecification\",\"valueRequired\":true,\"valueName\":\"search_term_string\"}}],\"inLanguage\":\"de\"},{\"@type\":\"Person\",\"@id\":\"https:\\\/\\\/www.caq.edu.ec\\\/#\\\/schema\\\/person\\\/b5cf8ed3732fd280f58ddb05e68713c5\",\"name\":\"c@qmi19\",\"image\":{\"@type\":\"ImageObject\",\"inLanguage\":\"de\",\"@id\":\"https:\\\/\\\/secure.gravatar.com\\\/avatar\\\/6e6ce3a6a7a823e369373d95fd82a74034a6c18fe625ff3b7aecb034961c6f96?s=96&d=mm&r=g\",\"url\":\"https:\\\/\\\/secure.gravatar.com\\\/avatar\\\/6e6ce3a6a7a823e369373d95fd82a74034a6c18fe625ff3b7aecb034961c6f96?s=96&d=mm&r=g\",\"contentUrl\":\"https:\\\/\\\/secure.gravatar.com\\\/avatar\\\/6e6ce3a6a7a823e369373d95fd82a74034a6c18fe625ff3b7aecb034961c6f96?s=96&d=mm&r=g\",\"caption\":\"c@qmi19\"},\"url\":\"https:\\\/\\\/www.caq.edu.ec\\\/de\\\/author\\\/cqmi19\\\/\"}]}<\/script>\n<!-- \/ Yoast SEO plugin. -->","yoast_head_json":{"title":"Impressionen vom Tag des Buches\u00a0 - Colegio Alem\u00e1n Quito","robots":{"index":"index","follow":"follow","max-snippet":"max-snippet:-1","max-image-preview":"max-image-preview:large","max-video-preview":"max-video-preview:-1"},"canonical":"https:\/\/www.caq.edu.ec\/de\/impressionen-vom-tag-des-buches\/","og_locale":"de_DE","og_type":"article","og_title":"Impressionen vom Tag des Buches\u00a0 - Colegio Alem\u00e1n Quito","og_description":"Nach zwei Jahren konnten die Sch\u00fclerinnen und Sch\u00fcler den Tag des Buches endlich wieder pr\u00e4sentiell feiern. Die Bibliothek k\u00fcrte die Gewinner des Poesie- und Geschichtenwettbewerbs. Es kamen zahlreiche Autoren, und die Sch\u00fclerinnen und Sch\u00fcler genossen die Lesungen im Beethoven-Theater. Die Fachschaft Kunst hatte eine Austellung vorbereitet, und auch die verschiedenen Klassen pr\u00e4sentierten ihre Projekte. In [&hellip;]","og_url":"https:\/\/www.caq.edu.ec\/de\/impressionen-vom-tag-des-buches\/","og_site_name":"Colegio Alem\u00e1n Quito","article_published_time":"2022-05-04T20:31:36+00:00","article_modified_time":"2024-08-30T14:08:56+00:00","author":"c@qmi19","twitter_card":"summary_large_image","twitter_misc":{"Verfasst von":"c@qmi19","Gesch\u00e4tzte Lesezeit":"3\u00a0Minuten"},"schema":{"@context":"https:\/\/schema.org","@graph":[{"@type":"Article","@id":"https:\/\/www.caq.edu.ec\/de\/impressionen-vom-tag-des-buches\/#article","isPartOf":{"@id":"https:\/\/www.caq.edu.ec\/de\/impressionen-vom-tag-des-buches\/"},"author":{"name":"c@qmi19","@id":"https:\/\/www.caq.edu.ec\/#\/schema\/person\/b5cf8ed3732fd280f58ddb05e68713c5"},"headline":"Impressionen vom Tag des Buches\u00a0","datePublished":"2022-05-04T20:31:36+00:00","dateModified":"2024-08-30T14:08:56+00:00","mainEntityOfPage":{"@id":"https:\/\/www.caq.edu.ec\/de\/impressionen-vom-tag-des-buches\/"},"wordCount":647,"articleSection":["Nachrichten"],"inLanguage":"de"},{"@type":"WebPage","@id":"https:\/\/www.caq.edu.ec\/de\/impressionen-vom-tag-des-buches\/","url":"https:\/\/www.caq.edu.ec\/de\/impressionen-vom-tag-des-buches\/","name":"Impressionen vom Tag des Buches\u00a0 - Colegio Alem\u00e1n Quito","isPartOf":{"@id":"https:\/\/www.caq.edu.ec\/#website"},"datePublished":"2022-05-04T20:31:36+00:00","dateModified":"2024-08-30T14:08:56+00:00","author":{"@id":"https:\/\/www.caq.edu.ec\/#\/schema\/person\/b5cf8ed3732fd280f58ddb05e68713c5"},"breadcrumb":{"@id":"https:\/\/www.caq.edu.ec\/de\/impressionen-vom-tag-des-buches\/#breadcrumb"},"inLanguage":"de","potentialAction":[{"@type":"ReadAction","target":["https:\/\/www.caq.edu.ec\/de\/impressionen-vom-tag-des-buches\/"]}]},{"@type":"BreadcrumbList","@id":"https:\/\/www.caq.edu.ec\/de\/impressionen-vom-tag-des-buches\/#breadcrumb","itemListElement":[{"@type":"ListItem","position":1,"name":"Inicio","item":"https:\/\/www.caq.edu.ec\/"},{"@type":"ListItem","position":2,"name":"Nachrichten","item":"https:\/\/www.caq.edu.ec\/de\/category\/nachrichten\/"},{"@type":"ListItem","position":3,"name":"Impressionen vom Tag des Buches\u00a0"}]},{"@type":"WebSite","@id":"https:\/\/www.caq.edu.ec\/#website","url":"https:\/\/www.caq.edu.ec\/","name":"Colegio Alem\u00e1n Quito","description":"Una puerta al mundo","potentialAction":[{"@type":"SearchAction","target":{"@type":"EntryPoint","urlTemplate":"https:\/\/www.caq.edu.ec\/?s={search_term_string}"},"query-input":{"@type":"PropertyValueSpecification","valueRequired":true,"valueName":"search_term_string"}}],"inLanguage":"de"},{"@type":"Person","@id":"https:\/\/www.caq.edu.ec\/#\/schema\/person\/b5cf8ed3732fd280f58ddb05e68713c5","name":"c@qmi19","image":{"@type":"ImageObject","inLanguage":"de","@id":"https:\/\/secure.gravatar.com\/avatar\/6e6ce3a6a7a823e369373d95fd82a74034a6c18fe625ff3b7aecb034961c6f96?s=96&d=mm&r=g","url":"https:\/\/secure.gravatar.com\/avatar\/6e6ce3a6a7a823e369373d95fd82a74034a6c18fe625ff3b7aecb034961c6f96?s=96&d=mm&r=g","contentUrl":"https:\/\/secure.gravatar.com\/avatar\/6e6ce3a6a7a823e369373d95fd82a74034a6c18fe625ff3b7aecb034961c6f96?s=96&d=mm&r=g","caption":"c@qmi19"},"url":"https:\/\/www.caq.edu.ec\/de\/author\/cqmi19\/"}]}},"_links":{"self":[{"href":"https:\/\/www.caq.edu.ec\/de\/wp-json\/wp\/v2\/posts\/60840","targetHints":{"allow":["GET"]}}],"collection":[{"href":"https:\/\/www.caq.edu.ec\/de\/wp-json\/wp\/v2\/posts"}],"about":[{"href":"https:\/\/www.caq.edu.ec\/de\/wp-json\/wp\/v2\/types\/post"}],"author":[{"embeddable":true,"href":"https:\/\/www.caq.edu.ec\/de\/wp-json\/wp\/v2\/users\/6"}],"replies":[{"embeddable":true,"href":"https:\/\/www.caq.edu.ec\/de\/wp-json\/wp\/v2\/comments?post=60840"}],"version-history":[{"count":1,"href":"https:\/\/www.caq.edu.ec\/de\/wp-json\/wp\/v2\/posts\/60840\/revisions"}],"predecessor-version":[{"id":64278,"href":"https:\/\/www.caq.edu.ec\/de\/wp-json\/wp\/v2\/posts\/60840\/revisions\/64278"}],"wp:attachment":[{"href":"https:\/\/www.caq.edu.ec\/de\/wp-json\/wp\/v2\/media?parent=60840"}],"wp:term":[{"taxonomy":"category","embeddable":true,"href":"https:\/\/www.caq.edu.ec\/de\/wp-json\/wp\/v2\/categories?post=60840"},{"taxonomy":"post_tag","embeddable":true,"href":"https:\/\/www.caq.edu.ec\/de\/wp-json\/wp\/v2\/tags?post=60840"}],"curies":[{"name":"wp","href":"https:\/\/api.w.org\/{rel}","templated":true}]}}