{"id":60837,"date":"2022-05-01T18:15:32","date_gmt":"2022-05-01T18:15:32","guid":{"rendered":"https:\/\/www.caq.edu.ec\/die-dsq-bedauert-zutiefst-den-tod-von-ernesto-timpe\/"},"modified":"2024-08-30T09:08:56","modified_gmt":"2024-08-30T14:08:56","slug":"die-dsq-bedauert-zutiefst-den-tod-von-ernesto-timpe","status":"publish","type":"post","link":"https:\/\/www.caq.edu.ec\/de\/die-dsq-bedauert-zutiefst-den-tod-von-ernesto-timpe\/","title":{"rendered":"Die DSQ bedauert zutiefst den Tod von Ernesto Timpe"},"content":{"rendered":"<div class=\"x_x_elementToProof x_elementToProof\">\n<p class=\"x_MsoNormal\"><span lang=\"DE\">Liebe Schulgemeinschaft,\u00a0<\/span><\/p>\n<p class=\"x_MsoNormal\"><span lang=\"DE\">die Deutsche Schule Quito, vertreten durch die \u201eAsociaci\u00f3n Ecuatoriano Alemana de Cultura y Educaci\u00f3n\u201c (AEACE), das Rektorat und die Verwaltungsleitung, bedauert zutiefst den Tod von Ernesto Timpe, der 14 Jahre lang Vorstandsvorsitzender der AEACE war. \u00a0<\/span><\/p>\n<p class=\"x_MsoNormal\"><span lang=\"DE\">In diesem Zeitraum von 2007 bis 2021 hat er sich mit aller Kraft f\u00fcr den erfolgreichen Betrieb unserer geliebten Schule eingesetzt. Im Jahr 2016 wurde seine Arbeit von der deutschen Regierung gew\u00fcrdigt, die ihm das Bundesverdienstkreuz f\u00fcr seine entschlossene und unsch\u00e4tzbare Arbeit verlieh.\u00a0<\/span><\/p>\n<p class=\"x_MsoNormal\"><span lang=\"DE\">Wir alle, die der DSQ angeh\u00f6ren, danken Herrn Timpe f\u00fcr seinen Einsatz und sein Engagement im Interesse der Schule. Seiner Familie sprechen wir in dieser schwierigen Zeit\u00a0unser tief empfundenes Mitgef\u00fchl aus.\u00a0<\/span><\/p>\n<p class=\"x_MsoNormal\"><span lang=\"DE\">\u00a0<\/span><\/p>\n<blockquote>\n<div dir=\"ltr\">\n<div dir=\"ltr\">\n<div class=\"x_x_x_elementToProof\">\n<table class=\"x_x_x_MsoTableGrid\">\n<tbody>\n<tr>\n<td valign=\"top\" width=\"189\">\n<p class=\"x_x_x_MsoNormal\">Nathalie Pinto<\/p>\n<\/td>\n<td valign=\"top\" width=\"189\">\n<p class=\"x_x_x_MsoNormal\">Dr. J\u00fcrgen Haist<\/p>\n<\/td>\n<td valign=\"top\" width=\"189\">\n<p class=\"x_x_x_MsoNormal\">Victor Aanen<\/p>\n<\/td>\n<\/tr>\n<tr>\n<td valign=\"top\" width=\"189\">\n<p class=\"x_x_x_MsoNormal\">AEACE<\/p>\n<\/td>\n<td valign=\"top\" width=\"189\">\n<p class=\"x_x_x_MsoNormal\">Schulleitung<\/p>\n<\/td>\n<td valign=\"top\" width=\"189\">\n<p class=\"x_x_x_MsoNormal\">Verwaltungsleitung<\/p>\n<\/td>\n<\/tr>\n<\/tbody>\n<\/table>\n<\/div>\n<\/div>\n<\/div>\n<\/blockquote>\n<p>&nbsp;<\/p>\n<\/div>\n<div dir=\"ltr\">\n<div class=\"x_x_x_elementToProof x_elementToProof\">\n<p class=\"x_x_x_MsoNormal\" aria-hidden=\"true\">\n<\/div>\n<\/div>\n","protected":false},"excerpt":{"rendered":"<p>Liebe Schulgemeinschaft,\u00a0 die Deutsche Schule Quito, vertreten durch die \u201eAsociaci\u00f3n Ecuatoriano Alemana de Cultura y Educaci\u00f3n\u201c (AEACE), das Rektorat und die Verwaltungsleitung, bedauert zutiefst den Tod von Ernesto Timpe, der 14 Jahre lang Vorstandsvorsitzender der AEACE war. \u00a0 In diesem Zeitraum von 2007 bis 2021 hat er sich mit aller Kraft f\u00fcr den erfolgreichen Betrieb [&hellip;]<\/p>\n","protected":false},"author":6,"featured_media":0,"comment_status":"closed","ping_status":"closed","sticky":false,"template":"","format":"standard","meta":{"footnotes":""},"categories":[36],"tags":[],"class_list":["post-60837","post","type-post","status-publish","format-standard","hentry","category-nachrichten"],"yoast_head":"<!-- This site is optimized with the Yoast SEO plugin v27.5 - https:\/\/yoast.com\/product\/yoast-seo-wordpress\/ -->\n<title>Die DSQ bedauert zutiefst den Tod von Ernesto Timpe - Colegio Alem\u00e1n Quito<\/title>\n<meta name=\"robots\" content=\"index, follow, max-snippet:-1, max-image-preview:large, max-video-preview:-1\" \/>\n<link rel=\"canonical\" href=\"https:\/\/www.caq.edu.ec\/de\/die-dsq-bedauert-zutiefst-den-tod-von-ernesto-timpe\/\" \/>\n<meta property=\"og:locale\" content=\"de_DE\" \/>\n<meta property=\"og:type\" content=\"article\" \/>\n<meta property=\"og:title\" content=\"Die DSQ bedauert zutiefst den Tod von Ernesto Timpe - Colegio Alem\u00e1n Quito\" \/>\n<meta property=\"og:description\" content=\"Liebe Schulgemeinschaft,\u00a0 die Deutsche Schule Quito, vertreten durch die \u201eAsociaci\u00f3n Ecuatoriano Alemana de Cultura y Educaci\u00f3n\u201c (AEACE), das Rektorat und die Verwaltungsleitung, bedauert zutiefst den Tod von Ernesto Timpe, der 14 Jahre lang Vorstandsvorsitzender der AEACE war. \u00a0 In diesem Zeitraum von 2007 bis 2021 hat er sich mit aller Kraft f\u00fcr den erfolgreichen Betrieb [&hellip;]\" \/>\n<meta property=\"og:url\" content=\"https:\/\/www.caq.edu.ec\/de\/die-dsq-bedauert-zutiefst-den-tod-von-ernesto-timpe\/\" \/>\n<meta property=\"og:site_name\" content=\"Colegio Alem\u00e1n Quito\" \/>\n<meta property=\"article:published_time\" content=\"2022-05-01T18:15:32+00:00\" \/>\n<meta property=\"article:modified_time\" content=\"2024-08-30T14:08:56+00:00\" \/>\n<meta name=\"author\" content=\"c@qmi19\" \/>\n<meta name=\"twitter:card\" content=\"summary_large_image\" \/>\n<meta name=\"twitter:label1\" content=\"Verfasst von\" \/>\n\t<meta name=\"twitter:data1\" content=\"c@qmi19\" \/>\n\t<meta name=\"twitter:label2\" content=\"Gesch\u00e4tzte Lesezeit\" \/>\n\t<meta name=\"twitter:data2\" content=\"1\u00a0Minute\" \/>\n<script type=\"application\/ld+json\" class=\"yoast-schema-graph\">{\"@context\":\"https:\\\/\\\/schema.org\",\"@graph\":[{\"@type\":\"Article\",\"@id\":\"https:\\\/\\\/www.caq.edu.ec\\\/de\\\/die-dsq-bedauert-zutiefst-den-tod-von-ernesto-timpe\\\/#article\",\"isPartOf\":{\"@id\":\"https:\\\/\\\/www.caq.edu.ec\\\/de\\\/die-dsq-bedauert-zutiefst-den-tod-von-ernesto-timpe\\\/\"},\"author\":{\"name\":\"c@qmi19\",\"@id\":\"https:\\\/\\\/www.caq.edu.ec\\\/#\\\/schema\\\/person\\\/b5cf8ed3732fd280f58ddb05e68713c5\"},\"headline\":\"Die DSQ bedauert zutiefst den Tod von Ernesto Timpe\",\"datePublished\":\"2022-05-01T18:15:32+00:00\",\"dateModified\":\"2024-08-30T14:08:56+00:00\",\"mainEntityOfPage\":{\"@id\":\"https:\\\/\\\/www.caq.edu.ec\\\/de\\\/die-dsq-bedauert-zutiefst-den-tod-von-ernesto-timpe\\\/\"},\"wordCount\":138,\"articleSection\":[\"Nachrichten\"],\"inLanguage\":\"de\"},{\"@type\":\"WebPage\",\"@id\":\"https:\\\/\\\/www.caq.edu.ec\\\/de\\\/die-dsq-bedauert-zutiefst-den-tod-von-ernesto-timpe\\\/\",\"url\":\"https:\\\/\\\/www.caq.edu.ec\\\/de\\\/die-dsq-bedauert-zutiefst-den-tod-von-ernesto-timpe\\\/\",\"name\":\"Die DSQ bedauert zutiefst den Tod von Ernesto Timpe - Colegio Alem\u00e1n Quito\",\"isPartOf\":{\"@id\":\"https:\\\/\\\/www.caq.edu.ec\\\/#website\"},\"datePublished\":\"2022-05-01T18:15:32+00:00\",\"dateModified\":\"2024-08-30T14:08:56+00:00\",\"author\":{\"@id\":\"https:\\\/\\\/www.caq.edu.ec\\\/#\\\/schema\\\/person\\\/b5cf8ed3732fd280f58ddb05e68713c5\"},\"breadcrumb\":{\"@id\":\"https:\\\/\\\/www.caq.edu.ec\\\/de\\\/die-dsq-bedauert-zutiefst-den-tod-von-ernesto-timpe\\\/#breadcrumb\"},\"inLanguage\":\"de\",\"potentialAction\":[{\"@type\":\"ReadAction\",\"target\":[\"https:\\\/\\\/www.caq.edu.ec\\\/de\\\/die-dsq-bedauert-zutiefst-den-tod-von-ernesto-timpe\\\/\"]}]},{\"@type\":\"BreadcrumbList\",\"@id\":\"https:\\\/\\\/www.caq.edu.ec\\\/de\\\/die-dsq-bedauert-zutiefst-den-tod-von-ernesto-timpe\\\/#breadcrumb\",\"itemListElement\":[{\"@type\":\"ListItem\",\"position\":1,\"name\":\"Inicio\",\"item\":\"https:\\\/\\\/www.caq.edu.ec\\\/\"},{\"@type\":\"ListItem\",\"position\":2,\"name\":\"Nachrichten\",\"item\":\"https:\\\/\\\/www.caq.edu.ec\\\/de\\\/category\\\/nachrichten\\\/\"},{\"@type\":\"ListItem\",\"position\":3,\"name\":\"Die DSQ bedauert zutiefst den Tod von Ernesto Timpe\"}]},{\"@type\":\"WebSite\",\"@id\":\"https:\\\/\\\/www.caq.edu.ec\\\/#website\",\"url\":\"https:\\\/\\\/www.caq.edu.ec\\\/\",\"name\":\"Colegio Alem\u00e1n Quito\",\"description\":\"Una puerta al mundo\",\"potentialAction\":[{\"@type\":\"SearchAction\",\"target\":{\"@type\":\"EntryPoint\",\"urlTemplate\":\"https:\\\/\\\/www.caq.edu.ec\\\/?s={search_term_string}\"},\"query-input\":{\"@type\":\"PropertyValueSpecification\",\"valueRequired\":true,\"valueName\":\"search_term_string\"}}],\"inLanguage\":\"de\"},{\"@type\":\"Person\",\"@id\":\"https:\\\/\\\/www.caq.edu.ec\\\/#\\\/schema\\\/person\\\/b5cf8ed3732fd280f58ddb05e68713c5\",\"name\":\"c@qmi19\",\"image\":{\"@type\":\"ImageObject\",\"inLanguage\":\"de\",\"@id\":\"https:\\\/\\\/secure.gravatar.com\\\/avatar\\\/6e6ce3a6a7a823e369373d95fd82a74034a6c18fe625ff3b7aecb034961c6f96?s=96&d=mm&r=g\",\"url\":\"https:\\\/\\\/secure.gravatar.com\\\/avatar\\\/6e6ce3a6a7a823e369373d95fd82a74034a6c18fe625ff3b7aecb034961c6f96?s=96&d=mm&r=g\",\"contentUrl\":\"https:\\\/\\\/secure.gravatar.com\\\/avatar\\\/6e6ce3a6a7a823e369373d95fd82a74034a6c18fe625ff3b7aecb034961c6f96?s=96&d=mm&r=g\",\"caption\":\"c@qmi19\"},\"url\":\"https:\\\/\\\/www.caq.edu.ec\\\/de\\\/author\\\/cqmi19\\\/\"}]}<\/script>\n<!-- \/ Yoast SEO plugin. -->","yoast_head_json":{"title":"Die DSQ bedauert zutiefst den Tod von Ernesto Timpe - Colegio Alem\u00e1n Quito","robots":{"index":"index","follow":"follow","max-snippet":"max-snippet:-1","max-image-preview":"max-image-preview:large","max-video-preview":"max-video-preview:-1"},"canonical":"https:\/\/www.caq.edu.ec\/de\/die-dsq-bedauert-zutiefst-den-tod-von-ernesto-timpe\/","og_locale":"de_DE","og_type":"article","og_title":"Die DSQ bedauert zutiefst den Tod von Ernesto Timpe - Colegio Alem\u00e1n Quito","og_description":"Liebe Schulgemeinschaft,\u00a0 die Deutsche Schule Quito, vertreten durch die \u201eAsociaci\u00f3n Ecuatoriano Alemana de Cultura y Educaci\u00f3n\u201c (AEACE), das Rektorat und die Verwaltungsleitung, bedauert zutiefst den Tod von Ernesto Timpe, der 14 Jahre lang Vorstandsvorsitzender der AEACE war. \u00a0 In diesem Zeitraum von 2007 bis 2021 hat er sich mit aller Kraft f\u00fcr den erfolgreichen Betrieb [&hellip;]","og_url":"https:\/\/www.caq.edu.ec\/de\/die-dsq-bedauert-zutiefst-den-tod-von-ernesto-timpe\/","og_site_name":"Colegio Alem\u00e1n Quito","article_published_time":"2022-05-01T18:15:32+00:00","article_modified_time":"2024-08-30T14:08:56+00:00","author":"c@qmi19","twitter_card":"summary_large_image","twitter_misc":{"Verfasst von":"c@qmi19","Gesch\u00e4tzte Lesezeit":"1\u00a0Minute"},"schema":{"@context":"https:\/\/schema.org","@graph":[{"@type":"Article","@id":"https:\/\/www.caq.edu.ec\/de\/die-dsq-bedauert-zutiefst-den-tod-von-ernesto-timpe\/#article","isPartOf":{"@id":"https:\/\/www.caq.edu.ec\/de\/die-dsq-bedauert-zutiefst-den-tod-von-ernesto-timpe\/"},"author":{"name":"c@qmi19","@id":"https:\/\/www.caq.edu.ec\/#\/schema\/person\/b5cf8ed3732fd280f58ddb05e68713c5"},"headline":"Die DSQ bedauert zutiefst den Tod von Ernesto Timpe","datePublished":"2022-05-01T18:15:32+00:00","dateModified":"2024-08-30T14:08:56+00:00","mainEntityOfPage":{"@id":"https:\/\/www.caq.edu.ec\/de\/die-dsq-bedauert-zutiefst-den-tod-von-ernesto-timpe\/"},"wordCount":138,"articleSection":["Nachrichten"],"inLanguage":"de"},{"@type":"WebPage","@id":"https:\/\/www.caq.edu.ec\/de\/die-dsq-bedauert-zutiefst-den-tod-von-ernesto-timpe\/","url":"https:\/\/www.caq.edu.ec\/de\/die-dsq-bedauert-zutiefst-den-tod-von-ernesto-timpe\/","name":"Die DSQ bedauert zutiefst den Tod von Ernesto Timpe - Colegio Alem\u00e1n Quito","isPartOf":{"@id":"https:\/\/www.caq.edu.ec\/#website"},"datePublished":"2022-05-01T18:15:32+00:00","dateModified":"2024-08-30T14:08:56+00:00","author":{"@id":"https:\/\/www.caq.edu.ec\/#\/schema\/person\/b5cf8ed3732fd280f58ddb05e68713c5"},"breadcrumb":{"@id":"https:\/\/www.caq.edu.ec\/de\/die-dsq-bedauert-zutiefst-den-tod-von-ernesto-timpe\/#breadcrumb"},"inLanguage":"de","potentialAction":[{"@type":"ReadAction","target":["https:\/\/www.caq.edu.ec\/de\/die-dsq-bedauert-zutiefst-den-tod-von-ernesto-timpe\/"]}]},{"@type":"BreadcrumbList","@id":"https:\/\/www.caq.edu.ec\/de\/die-dsq-bedauert-zutiefst-den-tod-von-ernesto-timpe\/#breadcrumb","itemListElement":[{"@type":"ListItem","position":1,"name":"Inicio","item":"https:\/\/www.caq.edu.ec\/"},{"@type":"ListItem","position":2,"name":"Nachrichten","item":"https:\/\/www.caq.edu.ec\/de\/category\/nachrichten\/"},{"@type":"ListItem","position":3,"name":"Die DSQ bedauert zutiefst den Tod von Ernesto Timpe"}]},{"@type":"WebSite","@id":"https:\/\/www.caq.edu.ec\/#website","url":"https:\/\/www.caq.edu.ec\/","name":"Colegio Alem\u00e1n Quito","description":"Una puerta al mundo","potentialAction":[{"@type":"SearchAction","target":{"@type":"EntryPoint","urlTemplate":"https:\/\/www.caq.edu.ec\/?s={search_term_string}"},"query-input":{"@type":"PropertyValueSpecification","valueRequired":true,"valueName":"search_term_string"}}],"inLanguage":"de"},{"@type":"Person","@id":"https:\/\/www.caq.edu.ec\/#\/schema\/person\/b5cf8ed3732fd280f58ddb05e68713c5","name":"c@qmi19","image":{"@type":"ImageObject","inLanguage":"de","@id":"https:\/\/secure.gravatar.com\/avatar\/6e6ce3a6a7a823e369373d95fd82a74034a6c18fe625ff3b7aecb034961c6f96?s=96&d=mm&r=g","url":"https:\/\/secure.gravatar.com\/avatar\/6e6ce3a6a7a823e369373d95fd82a74034a6c18fe625ff3b7aecb034961c6f96?s=96&d=mm&r=g","contentUrl":"https:\/\/secure.gravatar.com\/avatar\/6e6ce3a6a7a823e369373d95fd82a74034a6c18fe625ff3b7aecb034961c6f96?s=96&d=mm&r=g","caption":"c@qmi19"},"url":"https:\/\/www.caq.edu.ec\/de\/author\/cqmi19\/"}]}},"_links":{"self":[{"href":"https:\/\/www.caq.edu.ec\/de\/wp-json\/wp\/v2\/posts\/60837","targetHints":{"allow":["GET"]}}],"collection":[{"href":"https:\/\/www.caq.edu.ec\/de\/wp-json\/wp\/v2\/posts"}],"about":[{"href":"https:\/\/www.caq.edu.ec\/de\/wp-json\/wp\/v2\/types\/post"}],"author":[{"embeddable":true,"href":"https:\/\/www.caq.edu.ec\/de\/wp-json\/wp\/v2\/users\/6"}],"replies":[{"embeddable":true,"href":"https:\/\/www.caq.edu.ec\/de\/wp-json\/wp\/v2\/comments?post=60837"}],"version-history":[{"count":1,"href":"https:\/\/www.caq.edu.ec\/de\/wp-json\/wp\/v2\/posts\/60837\/revisions"}],"predecessor-version":[{"id":64281,"href":"https:\/\/www.caq.edu.ec\/de\/wp-json\/wp\/v2\/posts\/60837\/revisions\/64281"}],"wp:attachment":[{"href":"https:\/\/www.caq.edu.ec\/de\/wp-json\/wp\/v2\/media?parent=60837"}],"wp:term":[{"taxonomy":"category","embeddable":true,"href":"https:\/\/www.caq.edu.ec\/de\/wp-json\/wp\/v2\/categories?post=60837"},{"taxonomy":"post_tag","embeddable":true,"href":"https:\/\/www.caq.edu.ec\/de\/wp-json\/wp\/v2\/tags?post=60837"}],"curies":[{"name":"wp","href":"https:\/\/api.w.org\/{rel}","templated":true}]}}